{"id":8852,"date":"2025-11-27T20:14:00","date_gmt":"2025-11-27T20:14:00","guid":{"rendered":"https:\/\/www.jinghuaceramic.com\/?p=8852"},"modified":"2025-12-24T01:00:00","modified_gmt":"2025-12-24T01:00:00","slug":"v2g-becomes-viable-in-germany","status":"publish","type":"post","link":"https:\/\/www.iocharger.com\/sv\/v2g-becomes-viable-in-germany\/","title":{"rendered":"V2G blir l\u00f6nsamt i Tyskland: Hur Iocharger driver n\u00e4sta v\u00e5g av smart energi"},"content":{"rendered":"<p>Tyskland har tagit ett avg\u00f6rande steg mot att m\u00f6jligg\u00f6ra storskalig anv\u00e4ndning av dubbelriktad laddning.<br>Enligt en f\u00e4rsk rapport fr\u00e5n electrive.net har den tyska f\u00f6rbundsdagen godk\u00e4nt en viktig \u00e4ndring av den nationella energilagstiftningen, som inneb\u00e4r att den l\u00e4nge kritiserade dubbla n\u00e4tavgiften som till\u00e4mpades n\u00e4r energi togs fr\u00e5n n\u00e4tet, lagrades och senare matades tillbaka in i n\u00e4tet avskaffas.<br>Denna policyf\u00f6r\u00e4ndring f\u00f6r\u00e4ndrar fundamentalt ekonomin f\u00f6r Vehicle-to-Grid-tekniken (V2G).<\/p>\n\n\n\n<h3 class=\"wp-block-heading\">Nu n\u00e4r dubbel laddning har eliminerats g\u00e5r V2G fr\u00e5n att vara experimentellt till att bli kommersiellt l\u00f6nsamt.<\/h3>\n\n\n\n<p>Detta \u00e4r en av de viktigaste milstolparna f\u00f6r Europas sektorer f\u00f6r laddning av elfordon och smart energi under de senaste \u00e5ren.<\/p>\n\n\n\n<h3 class=\"wp-block-heading\">Varf\u00f6r denna policy \u00e4r viktig: V\u00e4rdet av dubbelriktad laddning<\/h3>\n\n\n\n<p>Tv\u00e5v\u00e4gsladdning g\u00f6r det m\u00f6jligt f\u00f6r elfordon att inte bara ta emot str\u00f6m fr\u00e5n eln\u00e4tet utan ocks\u00e5 mata tillbaka den till bost\u00e4der (V2H), byggnader (V2B), mikron\u00e4t och det allm\u00e4nna eln\u00e4tet (V2G).<br>Denna f\u00f6rm\u00e5ga spelar en strategisk roll f\u00f6r energisystemens framtid:<\/p>\n\n\n\n<ul class=\"wp-block-list\">\n<li>N\u00e4tstabilitet och hantering av toppbelastning<\/li>\n\n\n\n<li>Elbilar som flexibel, mobil energilagring<\/li>\n\n\n\n<li>\u00d6kad anv\u00e4ndning av f\u00f6rnybar energi<\/li>\n\n\n\n<li>Nya int\u00e4ktsm\u00f6jligheter f\u00f6r operat\u00f6rer och \u00e4gare av elfordon<\/li>\n<\/ul>\n\n\n\n<p>Hittills har regleringshinder hindrat V2G fr\u00e5n att n\u00e5 en betydande skala.<br>Tysklands senaste beslut undanr\u00f6jer det st\u00f6rsta ekonomiska hindret.<\/p>\n\n\n\n<h3 class=\"wp-block-heading\">Konsekvenser f\u00f6r den europeiska elfordons- och energisektorn<\/h3>\n\n\n\n<p>Effekterna kommer att bli l\u00e5ngtg\u00e5ende inom mobilitets- och elsektorerna:<\/p>\n\n\n\n<h4 class=\"wp-block-heading\">1. \u00d6kande efterfr\u00e5gan p\u00e5 V2G-kompatibel laddningsinfrastruktur<\/h4>\n\n\n\n<p>Operat\u00f6rerna kommer i allt h\u00f6gre grad att anv\u00e4nda h\u00e5rdvara som kan b\u00e5de ladda och kontrollera urladdningen.<\/p>\n\n\n\n<h4 class=\"wp-block-heading\">2. Stark acceptans bland fordonsflottor och bostadsmarknader<\/h4>\n\n\n\n<p>V2H och V2B kommer att bli mer praktiska i takt med att elbilar integreras i energisystemen i hem och byggnader.<\/p>\n\n\n\n<h4 class=\"wp-block-heading\">3. Elbilar blir aktiva komponenter i det smarta eln\u00e4tet<\/h4>\n\n\n\n<p>Dubbelriktad laddning kommer att p\u00e5verka energiplanering, n\u00e4tflexibilitet och marknadsutformning.<br>Tysklands beslut ses allm\u00e4nt som katalysatorn f\u00f6r Europas kommersialiseringscykel f\u00f6r V2G.<\/p>\n\n\n\n<h3 class=\"wp-block-heading\">Iocharger: Fullt f\u00f6rberedd f\u00f6r V2G-framtiden<\/h3>\n\n\n\n<p>P\u00e5 Iocharger har vi l\u00e4nge f\u00f6rv\u00e4ntat oss en \u00f6kning av dubbelriktad laddning.<br>V\u00e5r h\u00e5rdvaru- och mjukvarustack \u00e4r konstruerad f\u00f6r full kompatibilitet med <a href=\"https:\/\/www.iocharger.com\/sv\/iso15118-plug-and-charge\/\" target=\"_blank\" rel=\"noreferrer noopener\"><mark style=\"background-color:rgba(0, 0, 0, 0);color:#33cccc\" class=\"has-inline-color\">ISO 15118-20<\/mark><\/a>, V2G-drift, s\u00e4ker datautbyte och intelligent energihantering.<\/p>\n\n\n\n<p>Nedan f\u00f6ljer en kortfattad \u00f6versikt \u00f6ver v\u00e5rt V2G-kompatibla sortiment.<\/p>\n\n\n\n<p>AC V2G-laddare (hem och kommersiellt bruk)<\/p>\n\n\n\n<figure class=\"wp-block-image size-full\"><a href=\"https:\/\/www.iocharger.com\/sv\/level-2-7kw-22kw-ocpp-1-6j-ocpp-2-0-1-smart-fast-home-ev-charger\/\" target=\"_blank\" rel=\" noreferrer noopener\"><img fetchpriority=\"high\" decoding=\"async\" width=\"750\" height=\"600\" src=\"https:\/\/www.iocharger.com\/wp-content\/uploads\/2025\/12\/EV-Charger-Troubleshooting.jpg\" alt=\"\" class=\"wp-image-8854\" srcset=\"https:\/\/www.iocharger.com\/wp-content\/uploads\/2025\/12\/EV-Charger-Troubleshooting.jpg 750w, https:\/\/www.iocharger.com\/wp-content\/uploads\/2025\/12\/EV-Charger-Troubleshooting-300x240.jpg 300w, https:\/\/www.iocharger.com\/wp-content\/uploads\/2025\/12\/EV-Charger-Troubleshooting-285x228.jpg 285w, https:\/\/www.iocharger.com\/wp-content\/uploads\/2025\/12\/EV-Charger-Troubleshooting-660x528.jpg 660w, https:\/\/www.iocharger.com\/wp-content\/uploads\/2025\/12\/EV-Charger-Troubleshooting-150x120.jpg 150w\" sizes=\"(max-width: 750px) 100vw, 750px\" \/><\/a><\/figure>\n\n\n\n<ul class=\"wp-block-list\">\n<li>Uppfyller ISO 15118-20, inklusive fullst\u00e4ndig V2G-funktionalitet<\/li>\n\n\n\n<li><a href=\"https:\/\/www.iocharger.com\/sv\/ev-charging\/\" target=\"_blank\" rel=\"noreferrer noopener\"><mark style=\"background-color:rgba(0, 0, 0, 0);color:#33cccc\" class=\"has-inline-color\">OCPP 2.0.1<\/mark><\/a>\u00a0st\u00f6d<\/li>\n\n\n\n<li>Smart schemal\u00e4ggning och dynamisk belastningshantering<\/li>\n\n\n\n<li>Finns i enfas- och trefasversioner<\/li>\n\n\n\n<li>Perfekt f\u00f6r hem, l\u00e4genheter, arbetsplatser och kommersiella lokaler<\/li>\n<\/ul>\n\n\n\n<p>Optimerad f\u00f6r marknader som anv\u00e4nder V2H och V2G, s\u00e5som Tyskland och de nordiska l\u00e4nderna.<\/p>\n\n\n\n<h3 class=\"wp-block-heading\">Energihanteringssystem (EMS)<\/h3>\n\n\n\n<p>V\u00e5r EMS \u00f6kar v\u00e4rdet av V2G genom intelligent styrning:<\/p>\n\n\n\n<ul class=\"wp-block-list\">\n<li>Hantering av laddning och urladdning i realtid<\/li>\n\n\n\n<li>Optimerad V2G-planering baserad p\u00e5 tariffer och n\u00e4tf\u00f6rh\u00e5llanden<\/li>\n\n\n\n<li>Topplastutj\u00e4mning och lastbalansering<\/li>\n\n\n\n<li>Samordnad styrning av flera AC V2G-laddare<\/li>\n<\/ul>\n\n\n\n<p>Utvecklad f\u00f6r operat\u00f6rer, energibolag, fastighetsutvecklare och energipartners.<\/p>\n\n\n\n<h3 class=\"wp-block-heading\">Varf\u00f6r energiprofessionella v\u00e4ljer Iocharger<\/h3>\n\n\n\n<ul class=\"wp-block-list\">\n<li>Europeiskt certifierad h\u00e5rdvara f\u00f6r l\u00e5ngsiktig anv\u00e4ndning<\/li>\n\n\n\n<li>Avancerad implementering av ISO15118-20, Plug&amp;Charge<\/li>\n\n\n\n<li>Enhetligt ekosystem f\u00f6r h\u00e5rdvara och mjukvara f\u00f6r f\u00f6renklad integration<\/li>\n\n\n\n<li>Flexibel arkitektur f\u00f6r energileverant\u00f6rer och smarta n\u00e4tapplikationer<\/li>\n<\/ul>\n\n\n\n<h3 class=\"wp-block-heading\">V2G-eran har officiellt b\u00f6rjat<\/h3>\n\n\n\n<p>Tysklands politiska reform markerar en v\u00e4ndpunkt f\u00f6r den europeiska elfordons- och energisektorn.<br>\u00d6verg\u00e5ngen fr\u00e5n enkelriktad laddning till helt interaktiva, distribuerade energisystem accelererar nu.<br>P\u00e5 Iocharger \u00e4r vi fast beslutna att m\u00f6jligg\u00f6ra denna omvandling med p\u00e5litlig h\u00e5rdvara, intelligent programvara och standardbaserad arkitektur som st\u00f6der den snabba tillv\u00e4xten av dubbelriktad laddning i hela Europa.<br>Energiframtiden \u00e4r dubbelriktad \u2013 och Iocharger \u00e4r redo att visa v\u00e4gen.<\/p>\n\n\n\n<p><\/p>","protected":false},"excerpt":{"rendered":"<p>Tyskland har tagit ett avg\u00f6rande steg mot att m\u00f6jligg\u00f6ra en storskalig inf\u00f6rande av dubbelriktad laddning. Enligt en f\u00e4rsk rapport...<\/p>","protected":false},"author":1,"featured_media":8853,"comment_status":"closed","ping_status":"closed","sticky":false,"template":"","format":"standard","meta":{"_acf_changed":false,"footnotes":""},"categories":[151],"tags":[354,353,352],"class_list":["post-8852","post","type-post","status-publish","format-standard","has-post-thumbnail","hentry","category-ev-energy","tag-iocharger-v2g-ev-charger","tag-v2g-becomes-viable-in-germany","tag-v2g-germany"],"acf":[],"_links":{"self":[{"href":"https:\/\/www.iocharger.com\/sv\/wp-json\/wp\/v2\/posts\/8852","targetHints":{"allow":["GET"]}}],"collection":[{"href":"https:\/\/www.iocharger.com\/sv\/wp-json\/wp\/v2\/posts"}],"about":[{"href":"https:\/\/www.iocharger.com\/sv\/wp-json\/wp\/v2\/types\/post"}],"author":[{"embeddable":true,"href":"https:\/\/www.iocharger.com\/sv\/wp-json\/wp\/v2\/users\/1"}],"replies":[{"embeddable":true,"href":"https:\/\/www.iocharger.com\/sv\/wp-json\/wp\/v2\/comments?post=8852"}],"version-history":[{"count":0,"href":"https:\/\/www.iocharger.com\/sv\/wp-json\/wp\/v2\/posts\/8852\/revisions"}],"wp:featuredmedia":[{"embeddable":true,"href":"https:\/\/www.iocharger.com\/sv\/wp-json\/wp\/v2\/media\/8853"}],"wp:attachment":[{"href":"https:\/\/www.iocharger.com\/sv\/wp-json\/wp\/v2\/media?parent=8852"}],"wp:term":[{"taxonomy":"category","embeddable":true,"href":"https:\/\/www.iocharger.com\/sv\/wp-json\/wp\/v2\/categories?post=8852"},{"taxonomy":"post_tag","embeddable":true,"href":"https:\/\/www.iocharger.com\/sv\/wp-json\/wp\/v2\/tags?post=8852"}],"curies":[{"name":"wp","href":"https:\/\/api.w.org\/{rel}","templated":true}]}}