{"id":8503,"date":"2025-10-21T21:12:00","date_gmt":"2025-10-21T21:12:00","guid":{"rendered":"https:\/\/www.jinghuaceramic.com\/?p=8503"},"modified":"2025-11-25T08:11:19","modified_gmt":"2025-11-25T08:11:19","slug":"emergency-ev-charging-what-to-do-when-youre-stranded","status":"publish","type":"post","link":"https:\/\/www.iocharger.com\/sv\/emergency-ev-charging-what-to-do-when-youre-stranded\/","title":{"rendered":"N\u00f6dladdning av elbil: Vad du ska g\u00f6ra n\u00e4r du \u00e4r strandsatt"},"content":{"rendered":"<p>F\u00f6rest\u00e4ll dig f\u00f6ljande. Du \u00e4r p\u00e5 en vacker roadtrip i Europa. Landskapet \u00e4r fantastiskt. Pl\u00f6tsligt t\u00e4nds en varningslampa p\u00e5 instrumentbr\u00e4dan. Batteriet i din elbil \u00e4r n\u00e4stan tomt. N\u00e4sta laddstation ligger flera mil bort. Du blir f\u00f6rtvivlad. Detta scenario \u00e4r en verklig fasa f\u00f6r m\u00e5nga f\u00f6rare. Men ingen panik. L\u00f6sningar f\u00f6r n\u00f6dladdning av elbilar f\u00f6rvandlar denna potentiella mardr\u00f6m till ett mindre besv\u00e4r. L\u00e5t oss ta en titt p\u00e5 den flyttbara laddaren f\u00f6r elbilar!<\/p>\n\n\n\n<p>Du kan f\u00e5 en snabb och kraftfull laddning precis d\u00e4r du har strandat, ist\u00e4llet f\u00f6r att ringa efter en b\u00e4rgningsbil. Detta \u00e4r n\u00f6dladdning f\u00f6r elbilar, och det f\u00f6r\u00e4ndrar spelreglerna f\u00f6r elektrisk mobilitet.<\/p>\n\n\n\n<h3 class=\"wp-block-heading\">F\u00f6rsta steget vid batteribrist i en n\u00f6dsituation<\/h3>\n\n\n\n<p>F\u00f6rst och fr\u00e4mst, beh\u00e5ll lugnet. K\u00f6r till en s\u00e4ker plats. Sl\u00e5 p\u00e5 varningsblinkers. Anv\u00e4nd navigationssystemet eller en app f\u00f6r att hitta n\u00e4rmaste laddningsstation. Bed\u00f6m om du har tillr\u00e4cklig r\u00e4ckvidd f\u00f6r att n\u00e5 dit. Om inte, \u00e4r det dags f\u00f6r plan B.<\/p>\n\n\n\n<p>Traditionell v\u00e4gassistans inneb\u00e4r ofta en l\u00e5ngsam bogsering till n\u00e4rmaste laddstation. Detta sl\u00f6sar bort timmar av din dag och kostar dessutom pengar. Det finns ett smartare och snabbare s\u00e4tt \u2013 den mobila EV-laddaren.<\/p>\n\n\n\n<h3 class=\"wp-block-heading\">Revolutionen inom flyttbara EV-laddare<\/h3>\n\n\n\n<p>En flyttbar EV-laddare \u00e4r precis vad det l\u00e5ter som \u2013 en kompakt, kraftfull DC-snabbladdare p\u00e5 hjul. Tj\u00e4nsteleverant\u00f6rer kan placera dessa enheter direkt p\u00e5 valfri plats. Precis som vid v\u00e4gassistans kommer en mobil EV-laddare f\u00f6r att ge din bil en snabb energiboost ist\u00e4llet f\u00f6r en b\u00e4rgningsbil.<\/p>\n\n\n\n<p>Denna tj\u00e4nst v\u00e4xer snabbt i hela Europa. Den \u00e4r perfekt f\u00f6r stadsomr\u00e5den d\u00e4r det \u00e4r sv\u00e5rt att hitta parkeringsplatser. Den \u00e4r oumb\u00e4rlig f\u00f6r avl\u00e4gset bel\u00e4gna regioner med gles laddningsinfrastruktur. Den sparar tid och g\u00f6r att du snabbt kan forts\u00e4tta din resa.<\/p>\n\n\n\n<h3 class=\"wp-block-heading\">Varf\u00f6r Iocharger Mobile-serien \u00e4r ditt b\u00e4sta val<\/h3>\n\n\n\n<p>Alla mobilladdare \u00e4r inte lika. Iocharger str\u00e4var efter att tillhandah\u00e5lla en kraftfull, p\u00e5litlig och m\u00e5ngsidig produkt.<\/p>\n\n\n\n<p>Modellerna p\u00e5 30 kW och 40 kW levererar en otrolig m\u00e4ngd kraft. De kan ge en betydande laddning p\u00e5 bara n\u00e5gra minuter, inte timmar. Denna hastighet \u00e4r avg\u00f6rande i en n\u00f6dsituation. Du beh\u00f6ver inte bara v\u00e4nta. Du f\u00e5r snabbt en betydande \u00f6kning av r\u00e4ckvidden.<\/p>\n\n\n\n<figure class=\"wp-block-image size-full is-resized\"><a href=\"https:\/\/www.iocharger.com\/sv\/movable-ev-charger-30kw-40kw-dc-fast-charger\/\" target=\"_blank\" rel=\" noreferrer noopener\"><img fetchpriority=\"high\" decoding=\"async\" width=\"660\" height=\"660\" src=\"https:\/\/www.iocharger.com\/wp-content\/uploads\/2025\/10\/mobile-dc-fast-charger-1-660x660-1.webp\" alt=\"\" class=\"wp-image-8506\" style=\"width:840px;height:auto\" srcset=\"https:\/\/www.iocharger.com\/wp-content\/uploads\/2025\/10\/mobile-dc-fast-charger-1-660x660-1.webp 660w, https:\/\/www.iocharger.com\/wp-content\/uploads\/2025\/10\/mobile-dc-fast-charger-1-660x660-1-300x300.webp 300w, https:\/\/www.iocharger.com\/wp-content\/uploads\/2025\/10\/mobile-dc-fast-charger-1-660x660-1-150x150.webp 150w, https:\/\/www.iocharger.com\/wp-content\/uploads\/2025\/10\/mobile-dc-fast-charger-1-660x660-1-285x285.webp 285w, https:\/\/www.iocharger.com\/wp-content\/uploads\/2025\/10\/mobile-dc-fast-charger-1-660x660-1-270x270.webp 270w, https:\/\/www.iocharger.com\/wp-content\/uploads\/2025\/10\/mobile-dc-fast-charger-1-660x660-1-540x540.webp 540w\" sizes=\"(max-width: 660px) 100vw, 660px\" \/><\/a><\/figure>\n\n\n\n<h3 class=\"wp-block-heading\">Viktiga funktioner som g\u00f6r skillnad<\/h3>\n\n\n\n<p>Det som verkligen skiljer Iocharger fr\u00e5n andra produkter \u00e4r dess smarta designfunktioner. Den \u00e4r byggd f\u00f6r den verkliga v\u00e4rlden.<\/p>\n\n\n\n<ul class=\"wp-block-list\">\n<li><strong>Allv\u00e4dersbest\u00e4ndighet<\/strong>: Det europeiska v\u00e4dret \u00e4r of\u00f6ruts\u00e4gbart. Den mobila EV-laddaren fungerar felfritt fr\u00e5n -22 \u00b0F till 122 \u00b0F (-30 \u00b0C till 50 \u00b0C). Oavsett om det regnar eller \u00e4r solsken \u00e4r din laddning garanterad.<\/li>\n\n\n\n<li><strong>Kompakt och man\u00f6vrerbar<\/strong>: Dess kompakta storlek och robusta hjul g\u00f6r den l\u00e4tt att transportera och placera i tr\u00e5nga utrymmen. En servicebil kan transportera den dit du beh\u00f6ver hj\u00e4lp.<\/li>\n\n\n\n<li><strong>Universell kompatibilitet<\/strong>: CCS-, CHAdeMO- eller GB\/T-kontakt \u00e4r valfri. Det inneb\u00e4r att den kan ladda n\u00e4stan alla elfordon som finns p\u00e5 den europeiska marknaden idag. Du beh\u00f6ver aldrig oroa dig f\u00f6r kompatibilitet.<\/li>\n\n\n\n<li><strong>Robust och p\u00e5litlig<\/strong>: Denna laddare \u00e4r konstruerad f\u00f6r att t\u00e5la den dagliga mobila anv\u00e4ndningens p\u00e5frestningar. Dess h\u00e5llbarhet garanterar att hj\u00e4lp alltid finns tillg\u00e4nglig n\u00e4r du beh\u00f6ver det som mest.<\/li>\n\n\n\n<li><strong>Ut\u00f6ver n\u00f6dsituationer<\/strong>: Kraften i laddning p\u00e5 beg\u00e4ran<\/li>\n<\/ul>\n\n\n\n<p>V\u00e4rdet av en flyttbar EV-laddare str\u00e4cker sig bortom n\u00f6dsituationer l\u00e4ngs v\u00e4garna. T\u00e4nk dig att du arrangerar ett f\u00f6retagsevenemang eller en festival. Du kan erbjuda premium EV-laddning som en tj\u00e4nst till dina g\u00e4ster. Flottoperat\u00f6rer kan anv\u00e4nda dem f\u00f6r flexibel dep\u00e5laddning utan dyra infrastrukturuppgraderingar. Anv\u00e4ndningsomr\u00e5dena \u00e4r o\u00e4ndliga.<\/p>\n\n\n\n<p>Denna teknik f\u00f6r\u00e4ndrar hela upplevelsen av att \u00e4ga en elbil. Den eliminerar r\u00e4ckvidds\u00e5ngest. Den ger ett viktigt s\u00e4kerhetsn\u00e4t f\u00f6r alla f\u00f6rare.<\/p>\n\n\n\n<h3 class=\"wp-block-heading\">Var beredd p\u00e5 framtidens mobilitet<\/h3>\n\n\n\n<p>N\u00e4sta g\u00e5ng du planerar en resa, kom ih\u00e5g att hj\u00e4lpen \u00e4r mobil. Framtiden f\u00f6r EV-support \u00e4r inte en fast station p\u00e5 en karta. Det \u00e4r en dynamisk tj\u00e4nst p\u00e5 beg\u00e4ran som kommer till dig.<\/p>\n\n\n\n<p>Iocharger Mobile EV-laddare erbjuder en p\u00e5litlig, kraftfull och smart l\u00f6sning f\u00f6r f\u00f6rare och tj\u00e4nsteleverant\u00f6rer. Se till att din v\u00e4gassistansleverant\u00f6r samarbetar med ledande akt\u00f6rer som Iocharger. K\u00f6r med trygghet, med vetskapen om att snabb laddning alltid finns inom r\u00e4ckh\u00e5ll.<\/p>","protected":false},"excerpt":{"rendered":"<p>F\u00f6rest\u00e4ll dig f\u00f6ljande. Du \u00e4r p\u00e5 en vacker bilresa genom Europa. Landskapet \u00e4r fantastiskt. Pl\u00f6tsligt t\u00e4nds en varningslampa...<\/p>","protected":false},"author":1,"featured_media":8505,"comment_status":"closed","ping_status":"closed","sticky":false,"template":"","format":"standard","meta":{"_acf_changed":false,"footnotes":""},"categories":[113],"tags":[337,338,339,340,341],"class_list":["post-8503","post","type-post","status-publish","format-standard","has-post-thumbnail","hentry","category-ev-charger","tag-emergency-ev-charging","tag-mobile-ev-charger","tag-movable-ev-charger","tag-on-demand-ev-charging","tag-portable-ev-charger"],"acf":[],"_links":{"self":[{"href":"https:\/\/www.iocharger.com\/sv\/wp-json\/wp\/v2\/posts\/8503","targetHints":{"allow":["GET"]}}],"collection":[{"href":"https:\/\/www.iocharger.com\/sv\/wp-json\/wp\/v2\/posts"}],"about":[{"href":"https:\/\/www.iocharger.com\/sv\/wp-json\/wp\/v2\/types\/post"}],"author":[{"embeddable":true,"href":"https:\/\/www.iocharger.com\/sv\/wp-json\/wp\/v2\/users\/1"}],"replies":[{"embeddable":true,"href":"https:\/\/www.iocharger.com\/sv\/wp-json\/wp\/v2\/comments?post=8503"}],"version-history":[{"count":0,"href":"https:\/\/www.iocharger.com\/sv\/wp-json\/wp\/v2\/posts\/8503\/revisions"}],"wp:featuredmedia":[{"embeddable":true,"href":"https:\/\/www.iocharger.com\/sv\/wp-json\/wp\/v2\/media\/8505"}],"wp:attachment":[{"href":"https:\/\/www.iocharger.com\/sv\/wp-json\/wp\/v2\/media?parent=8503"}],"wp:term":[{"taxonomy":"category","embeddable":true,"href":"https:\/\/www.iocharger.com\/sv\/wp-json\/wp\/v2\/categories?post=8503"},{"taxonomy":"post_tag","embeddable":true,"href":"https:\/\/www.iocharger.com\/sv\/wp-json\/wp\/v2\/tags?post=8503"}],"curies":[{"name":"wp","href":"https:\/\/api.w.org\/{rel}","templated":true}]}}