{"id":8499,"date":"2025-09-11T15:37:00","date_gmt":"2025-09-11T15:37:00","guid":{"rendered":"https:\/\/www.jinghuaceramic.com\/?p=8499"},"modified":"2025-11-25T08:13:37","modified_gmt":"2025-11-25T08:13:37","slug":"why-mcs-satellite-ev-chargers-are-key-to-europes-logistics-decarbonization","status":"publish","type":"post","link":"https:\/\/www.iocharger.com\/sv\/why-mcs-satellite-ev-chargers-are-key-to-europes-logistics-decarbonization\/","title":{"rendered":"Varf\u00f6r MCS Satellite EV-laddare \u00e4r nyckeln till Europas logistikavkarbonisering"},"content":{"rendered":"<p>Europas logistikbransch g\u00e5r mot en elektrisk framtid. Flottoperat\u00f6rer st\u00e5r inf\u00f6r en kritisk utmaning: hur man p\u00e5 ett effektivt s\u00e4tt kan driva tunga eldrivna lastbilar. Det r\u00e4cker inte l\u00e4ngre att enbart f\u00f6rlita sig p\u00e5 laddning \u00f6ver natten i dep\u00e5n. Det som verkligen kommer att f\u00f6r\u00e4ndra spelplanen f\u00f6r att minska koldioxidutsl\u00e4ppen fr\u00e5n transporter \u00e4r satellitladdningsmodellen f\u00f6r elfordon, som m\u00f6jligg\u00f6r snabb laddning under resan. Detta tillv\u00e4gag\u00e5ngss\u00e4tt \u00e4r avg\u00f6rande f\u00f6r att h\u00e5lla den europeiska handeln ig\u00e5ng.<\/p>\n\n\n\n<h3 class=\"wp-block-heading\">Gr\u00e4nserna f\u00f6r nattladdning<\/h3>\n\n\n\n<p>De flesta vagnparker f\u00f6rlitar sig i nul\u00e4get p\u00e5 laddning vid dep\u00e5n. Denna metod har vissa f\u00f6rdelar. Lastbilarna kan laddas under stillest\u00e5ndstiden och operat\u00f6rerna kan utnyttja l\u00e4gre elpriser under l\u00e5gtrafik. Denna metod fungerar f\u00f6r fordon som k\u00f6r korta str\u00e4ckor eller utf\u00f6r l\u00e4tta transporter.<\/p>\n\n\n\n<p>L\u00e5ngtradare st\u00e5r dock inf\u00f6r en annan verklighet. Tunga fordon, som k\u00f6r hundratals kilometer varje dag, f\u00f6rbrukar enorma m\u00e4ngder energi. En hel natts laddning med standardhastighet i dep\u00e5n kanske inte ger tillr\u00e4ckligt med energi f\u00f6r att h\u00e5lla fordonen p\u00e5 v\u00e4gen under hela n\u00e4sta dag. Detta leder till driftsbegr\u00e4nsningar, minskad produktivitet och h\u00f6gre kostnader n\u00e4r lastbilarna m\u00e5ste tas ur drift f\u00f6r att laddas.<\/p>\n\n\n\n<h3 class=\"wp-block-heading\">Snabbladdning under dagen h\u00e5ller flottan i r\u00f6relse<\/h3>\n\n\n\n<p>F\u00f6r att uppn\u00e5 verklig flottans effektivitet m\u00e5ste operat\u00f6rerna kombinera dep\u00e5laddning med snabbladdning under dagtid. Det \u00e4r h\u00e4r megawattladdningssystemet (MCS) med satellit-EV-laddare spelar en avg\u00f6rande roll.<\/p>\n\n\n\n<p>Genom att installera laddare vid logistiknav, hamnar och rastplatser l\u00e4ngs motorv\u00e4garna kan \u00e5kerierna ladda sina lastbilar p\u00e5 mindre \u00e4n en timme, vilket s\u00e4kerst\u00e4ller att fordonen kan forts\u00e4tta att k\u00f6ras utan f\u00f6rseningar.<\/p>\n\n\n\n<p>Denna strategi speglar den tankningsinfrastruktur som diesellastbilar \u00e4r beroende av idag. F\u00f6rarna stannar kort under lastning, lossning eller obligatoriska rastpauser. Med en MCS-satellitladdare blir dessa pauser tillf\u00e4llen att l\u00e4gga till hundratals kilometer i r\u00e4ckvidden.<\/p>\n\n\n\n<h3 class=\"wp-block-heading\">Varf\u00f6r satellitladdare f\u00f6r elfordon \u00e4r idealiska f\u00f6r logistik<\/h3>\n\n\n\n<p>Till skillnad fr\u00e5n traditionella laddningssystem anv\u00e4nder satellitladdare en flexibel dispenser som \u00e4r ansluten till ett centralt elsk\u00e5p. Denna konfiguration g\u00f6r det m\u00f6jligt f\u00f6r operat\u00f6rer att placera flera laddningspunkter \u00f6ver en g\u00e5rd, lastkaj eller serviceplats utan att beh\u00f6va separata sk\u00e5p p\u00e5 varje plats. Resultatet \u00e4r en utrymmeseffektiv och kostnadseffektiv l\u00f6sning som passar logistikcentrens dynamiska verksamhet.<\/p>\n\n\n\n<p>Satellitsystem st\u00f6der ocks\u00e5 skalbarhet. N\u00e4r flottorna v\u00e4xer kan operat\u00f6rerna l\u00e4gga till fler tankstationer utan att beh\u00f6va bygga om hela den elektriska infrastrukturen. F\u00f6r hamnar, distributionsnav och motorv\u00e4gsrastplatser \u00e4r denna anpassningsf\u00f6rm\u00e5ga avg\u00f6rande f\u00f6r att m\u00f6ta den \u00f6kande efterfr\u00e5gan n\u00e4r fler eldrivna lastbilar rullar p\u00e5 Europas v\u00e4gar.<\/p>\n\n\n\n<h3 class=\"wp-block-heading\">Europeiskt sammanhang<\/h3>\n\n\n\n<p>Europas AFIR-regler accelererar detta behov ytterligare. Lagstiftningen kr\u00e4ver att h\u00f6g effektladdare installeras med j\u00e4mna mellanrum l\u00e4ngs st\u00f6rre motorv\u00e4gar. Att bygga ett n\u00e4tverk av MCS-satellitladdare f\u00f6r elfordon \u00e4r det smartaste s\u00e4ttet att uppfylla kraven. Det g\u00f6r infrastrukturinvesteringarna framtidss\u00e4kra och st\u00f6djer gr\u00e4ns\u00f6verskridande handel med en p\u00e5litlig laddningskorridor.<\/p>\n\n\n\n<h3 class=\"wp-block-heading\">Varf\u00f6r v\u00e4lja iocharger MCS Satellite Solutions?<\/h3>\n\n\n\n<p>iocharger levererar n\u00e4sta generations MCS-satellitladdare f\u00f6r elfordon, utformade f\u00f6r de tuffa kraven inom tung logistik. Deras system st\u00f6der megawattniv\u00e5er, vilket s\u00e4kerst\u00e4ller att lastbilar kan laddas snabbt och \u00e5terv\u00e4nda till v\u00e4gen.<\/p>\n\n\n\n<p>Med flexibel placering av dispensern, robust design och \u00f6verensst\u00e4mmelse med de senaste internationella standarderna erbjuder iocharger l\u00f6sningar som passar perfekt i hektiska logistikmilj\u00f6er.<\/p>\n\n\n\n<figure class=\"wp-block-image size-full\"><img fetchpriority=\"high\" decoding=\"async\" width=\"1000\" height=\"1000\" src=\"https:\/\/www.iocharger.com\/wp-content\/uploads\/2025\/11\/33.webp\" alt=\"\" class=\"wp-image-8501\" srcset=\"https:\/\/www.iocharger.com\/wp-content\/uploads\/2025\/11\/33.webp 1000w, https:\/\/www.iocharger.com\/wp-content\/uploads\/2025\/11\/33-300x300.webp 300w, https:\/\/www.iocharger.com\/wp-content\/uploads\/2025\/11\/33-150x150.webp 150w, https:\/\/www.iocharger.com\/wp-content\/uploads\/2025\/11\/33-768x768.webp 768w, https:\/\/www.iocharger.com\/wp-content\/uploads\/2025\/11\/33-285x285.webp 285w, https:\/\/www.iocharger.com\/wp-content\/uploads\/2025\/11\/33-270x270.webp 270w, https:\/\/www.iocharger.com\/wp-content\/uploads\/2025\/11\/33-540x540.webp 540w, https:\/\/www.iocharger.com\/wp-content\/uploads\/2025\/11\/33-660x660.webp 660w\" sizes=\"(max-width: 1000px) 100vw, 1000px\" \/><\/figure>\n\n\n\n<h4 class=\"wp-block-heading\">De viktigaste f\u00f6rdelarna med Iochargers MCS-satellitladdare f\u00f6r elfordon \u00e4r:<\/h4>\n\n\n\n<ul class=\"wp-block-list\">\n<li>H\u00f6g effektt\u00e4thet f\u00f6r snabb laddning under dagen.<\/li>\n\n\n\n<li>Skalbar design som st\u00f6djer flottans expansion.<\/li>\n\n\n\n<li>Flexibel installation av dispensrar p\u00e5 logistikg\u00e5rdar.<\/li>\n\n\n\n<li>Kompatibel med OCPP2.0.1 och ISO15118 Plug&amp;Charge.<\/li>\n\n\n\n<li>Framtidss\u00e4ker teknik i linje med Europas h\u00e5llbarhetsplan.<\/li>\n<\/ul>\n\n\n\n<h3 class=\"wp-block-heading\">Balansera natt- och dagladdning f\u00f6r maximal effektivitet<\/h3>\n\n\n\n<p>Framtiden f\u00f6r elektriska lastbilar i Europa kommer inte att bygga p\u00e5 en enda laddningsstrategi. Ist\u00e4llet kommer vagnparkerna att f\u00f6rlita sig p\u00e5 en hybridmodell: l\u00e5ngsam laddning p\u00e5 dep\u00e5n f\u00f6r p\u00e5fyllning \u00f6ver natten, kompletterat med MCS-satellitladdning under dagen f\u00f6r att s\u00e4kerst\u00e4lla kontinuerlig drift.<\/p>\n\n\n\n<p>Denna dubbla strategi s\u00e4kerst\u00e4ller att lastbilarna alltid \u00e4r tillg\u00e4ngliga, vilket minimerar driftstopp och maximerar avkastningen p\u00e5 investeringen. F\u00f6r h\u00f6gintensiv logistik r\u00e4cker det inte l\u00e4ngre att enbart f\u00f6rlita sig p\u00e5 laddning vid dep\u00e5n. F\u00f6r att Europas f\u00f6rs\u00f6rjningskedjor ska fungera smidigt \u00e4r satellitladdning vid kritiska punkter i verksamheten den saknade pusselbiten.<\/p>\n\n\n\n<p>Uppt\u00e4ck hur Iocharger kan driva din omst\u00e4llning. Utforska v\u00e5ra\u00a0<a href=\"https:\/\/www.iocharger.com\/sv\/megawatt-charging-system-satellite-dc-ev-charger\/\" target=\"_blank\" rel=\"noreferrer noopener\"><mark style=\"background-color:rgba(0, 0, 0, 0);color:#33cccc\" class=\"has-inline-color\">Megawatt laddningssystem Satellit DC EV-laddare<\/mark><\/a>\u00a0idag och bygga framtidens laddningsinfrastruktur.<\/p>\n\n\n\n<p><\/p>","protected":false},"excerpt":{"rendered":"<p>Europas logistikbransch g\u00e5r mot en elektrisk framtid. Flottoperat\u00f6rer st\u00e5r inf\u00f6r en kritisk utmaning: hur man ska driva...<\/p>","protected":false},"author":1,"featured_media":8500,"comment_status":"closed","ping_status":"closed","sticky":false,"template":"","format":"standard","meta":{"_acf_changed":false,"footnotes":""},"categories":[133],"tags":[274,333,334,335,336],"class_list":["post-8499","post","type-post","status-publish","format-standard","has-post-thumbnail","hentry","category-ev-technology","tag-commercial-ev-charging","tag-fleet-electrification","tag-megawatt-charging-system","tag-satellite-ev-charger","tag-truck-fast-charging"],"acf":[],"_links":{"self":[{"href":"https:\/\/www.iocharger.com\/sv\/wp-json\/wp\/v2\/posts\/8499","targetHints":{"allow":["GET"]}}],"collection":[{"href":"https:\/\/www.iocharger.com\/sv\/wp-json\/wp\/v2\/posts"}],"about":[{"href":"https:\/\/www.iocharger.com\/sv\/wp-json\/wp\/v2\/types\/post"}],"author":[{"embeddable":true,"href":"https:\/\/www.iocharger.com\/sv\/wp-json\/wp\/v2\/users\/1"}],"replies":[{"embeddable":true,"href":"https:\/\/www.iocharger.com\/sv\/wp-json\/wp\/v2\/comments?post=8499"}],"version-history":[{"count":0,"href":"https:\/\/www.iocharger.com\/sv\/wp-json\/wp\/v2\/posts\/8499\/revisions"}],"wp:featuredmedia":[{"embeddable":true,"href":"https:\/\/www.iocharger.com\/sv\/wp-json\/wp\/v2\/media\/8500"}],"wp:attachment":[{"href":"https:\/\/www.iocharger.com\/sv\/wp-json\/wp\/v2\/media?parent=8499"}],"wp:term":[{"taxonomy":"category","embeddable":true,"href":"https:\/\/www.iocharger.com\/sv\/wp-json\/wp\/v2\/categories?post=8499"},{"taxonomy":"post_tag","embeddable":true,"href":"https:\/\/www.iocharger.com\/sv\/wp-json\/wp\/v2\/tags?post=8499"}],"curies":[{"name":"wp","href":"https:\/\/api.w.org\/{rel}","templated":true}]}}