{"id":8493,"date":"2025-09-05T09:54:00","date_gmt":"2025-09-05T09:54:00","guid":{"rendered":"https:\/\/www.jinghuaceramic.com\/?p=8493"},"modified":"2025-11-25T08:17:46","modified_gmt":"2025-11-25T08:17:46","slug":"icnc25-concludes-successfully","status":"publish","type":"post","link":"https:\/\/www.iocharger.com\/sv\/icnc25-concludes-successfully\/","title":{"rendered":"ICNC25 avslutas framg\u00e5ngsrikt"},"content":{"rendered":"<p>Den 2\u20134 september 2025 h\u00f6lls ICNC25 framg\u00e5ngsrikt i Berlin, Tyskland. Iocharger hade \u00e4ran att \u00e5terigen delta i detta m\u00f6te f\u00f6r globala ledare inom elmobilitetsbranschen och att delta i djupg\u00e5ende diskussioner med branschpartners om den framtida utvecklingen av laddinfrastruktur.<\/p>\n\n\n\n<p>Under evenemanget lyfte vi fram den Eichrecht-certifierade piedestalen.\u00a0<a href=\"https:\/\/www.iocharger.com\/sv\/ocpp-public-ev-charger-support-credit-card-payment-with-pos-terminal\/\" target=\"_blank\" rel=\"noreferrer noopener\"><mark style=\"background-color:rgba(0, 0, 0, 0);color:#33cccc\" class=\"has-inline-color\">dubbel AC-laddare IOCAP26<\/mark><\/a>, med ISO15118 Plug&amp;Charge och POS-betalningsintegrationsfunktioner, som ger precis m\u00e4tning, s\u00e4ker kommunikation och en smidig anv\u00e4ndarupplevelse f\u00f6r offentliga n\u00e4tverk. V\u00e5r OCPP 2.0.1,\u00a0<a href=\"https:\/\/www.iocharger.com\/sv\/iso15118-plug-and-charge\/\" target=\"_blank\" rel=\"noreferrer noopener\"><mark style=\"background-color:rgba(0, 0, 0, 0);color:#33cccc\" class=\"has-inline-color\">ISO15118 Plug&amp;Charge<\/mark><\/a>, och V2X-l\u00f6sningar f\u00f6r dubbelriktad kommunikation var ett viktigt diskussions\u00e4mne, d\u00e4r man lyfte fram hur operat\u00f6rer kan optimera energidistributionen och f\u00f6rb\u00e4ttra effektiviteten i offentliga och halvoffentliga laddningsn\u00e4tverk.<\/p>\n\n\n\n<figure class=\"wp-block-image size-full\"><a href=\"https:\/\/www.iocharger.com\/sv\/iocharger-iocap26-ev-charger-achieves-german-eichrecht-certification\/\"><img fetchpriority=\"high\" decoding=\"async\" width=\"750\" height=\"600\" src=\"https:\/\/www.iocharger.com\/wp-content\/uploads\/2025\/09\/iocharger-IOCAP26-EV-Charger-Achieves-German-Eichrecht-Certification.webp\" alt=\"\" class=\"wp-image-8496\" srcset=\"https:\/\/www.iocharger.com\/wp-content\/uploads\/2025\/09\/iocharger-IOCAP26-EV-Charger-Achieves-German-Eichrecht-Certification.webp 750w, https:\/\/www.iocharger.com\/wp-content\/uploads\/2025\/09\/iocharger-IOCAP26-EV-Charger-Achieves-German-Eichrecht-Certification-300x240.webp 300w, https:\/\/www.iocharger.com\/wp-content\/uploads\/2025\/09\/iocharger-IOCAP26-EV-Charger-Achieves-German-Eichrecht-Certification-285x228.webp 285w, https:\/\/www.iocharger.com\/wp-content\/uploads\/2025\/09\/iocharger-IOCAP26-EV-Charger-Achieves-German-Eichrecht-Certification-660x528.webp 660w, https:\/\/www.iocharger.com\/wp-content\/uploads\/2025\/09\/iocharger-IOCAP26-EV-Charger-Achieves-German-Eichrecht-Certification-150x120.webp 150w\" sizes=\"(max-width: 750px) 100vw, 750px\" \/><\/a><\/figure>\n\n\n\n<p>Vi tackar alla CPO:er, OEM:er och branschexperter som deltog i ICNC25. Er feedback ger oss ov\u00e4rderliga insikter som hj\u00e4lper oss att kontinuerligt f\u00f6rb\u00e4ttra v\u00e5ra produkter och tj\u00e4nster.<\/p>\n\n\n\n<p>iocharger kommer att forts\u00e4tta att uppr\u00e4tth\u00e5lla sin innovationsanda och utveckla smart laddningsteknik f\u00f6r att leverera mer flexibla och effektiva l\u00f6sningar f\u00f6r laddningsn\u00e4tverk i Europa och resten av v\u00e4rlden. Vi ser fram emot att samarbeta med fler partners f\u00f6r att driva framtiden f\u00f6r eldriven mobilitet.<\/p>\n\n\n\n<p>F\u00f6r mer information om IOCAP26 eller v\u00e5ra avancerade OCPP- och ISO15118 Plug&amp;Charge-laddningsl\u00f6sningar f\u00f6r elfordon, v\u00e4nligen kontakta oss:<br>E-post: sales@iocharger.com<br>WhatsApp: +86-13812636277<br>Eller bes\u00f6k v\u00e5r webbplats: www.iocharger.com<\/p>","protected":false},"excerpt":{"rendered":"<p>ICNC25 h\u00f6lls framg\u00e5ngsrikt i Berlin, Tyskland, den 2\u20134 september 2025. Iocharger hade \u00e4ran att delta...<\/p>","protected":false},"author":1,"featured_media":8495,"comment_status":"closed","ping_status":"closed","sticky":false,"template":"","format":"standard","meta":{"_acf_changed":false,"footnotes":""},"categories":[109],"tags":[331,332],"class_list":["post-8493","post","type-post","status-publish","format-standard","has-post-thumbnail","hentry","category-exhibition-news","tag-icnc25","tag-icnc25-iocharger"],"acf":[],"_links":{"self":[{"href":"https:\/\/www.iocharger.com\/sv\/wp-json\/wp\/v2\/posts\/8493","targetHints":{"allow":["GET"]}}],"collection":[{"href":"https:\/\/www.iocharger.com\/sv\/wp-json\/wp\/v2\/posts"}],"about":[{"href":"https:\/\/www.iocharger.com\/sv\/wp-json\/wp\/v2\/types\/post"}],"author":[{"embeddable":true,"href":"https:\/\/www.iocharger.com\/sv\/wp-json\/wp\/v2\/users\/1"}],"replies":[{"embeddable":true,"href":"https:\/\/www.iocharger.com\/sv\/wp-json\/wp\/v2\/comments?post=8493"}],"version-history":[{"count":0,"href":"https:\/\/www.iocharger.com\/sv\/wp-json\/wp\/v2\/posts\/8493\/revisions"}],"wp:featuredmedia":[{"embeddable":true,"href":"https:\/\/www.iocharger.com\/sv\/wp-json\/wp\/v2\/media\/8495"}],"wp:attachment":[{"href":"https:\/\/www.iocharger.com\/sv\/wp-json\/wp\/v2\/media?parent=8493"}],"wp:term":[{"taxonomy":"category","embeddable":true,"href":"https:\/\/www.iocharger.com\/sv\/wp-json\/wp\/v2\/categories?post=8493"},{"taxonomy":"post_tag","embeddable":true,"href":"https:\/\/www.iocharger.com\/sv\/wp-json\/wp\/v2\/tags?post=8493"}],"curies":[{"name":"wp","href":"https:\/\/api.w.org\/{rel}","templated":true}]}}