{"id":8432,"date":"2025-06-19T10:43:00","date_gmt":"2025-06-19T10:43:00","guid":{"rendered":"https:\/\/www.jinghuaceramic.com\/?p=8432"},"modified":"2025-11-25T08:51:09","modified_gmt":"2025-11-25T08:51:09","slug":"iocharger-concludes-successful-evs38-showcase","status":"publish","type":"post","link":"https:\/\/www.iocharger.com\/sv\/iocharger-concludes-successful-evs38-showcase\/","title":{"rendered":"Iocharger avslutar framg\u00e5ngsrik EVS38-utst\u00e4llning och presenterar nya AC-laddare med dubbla portar"},"content":{"rendered":"<p>iocharger har framg\u00e5ngsrikt avslutat sitt deltagande i den 38:e Electric Vehicle Symposium &amp; Exhibition (EVS38), som h\u00f6lls den 16-18 juni i G\u00f6teborg. Evenemanget gav en ov\u00e4rderlig m\u00f6jlighet att engagera sig med globala OEM-f\u00f6retag, Charge Point Operators (CPOs), elbolag, elbilar och branschledare, samtidigt som vi visade upp v\u00e5r senaste utveckling inom intelligent laddning av elbilar och integrerade energil\u00f6sningar.<\/p>\n\n\n\n<p>Som den f\u00f6rsta tillverkaren av laddare f\u00f6r elbilar i v\u00e4rlden som st\u00f6der b\u00e5de OCPP 2.0.1 och <a href=\"https:\/\/www.iocharger.com\/sv\/iso15118-plug-and-charge\/\"><mark style=\"background-color:rgba(0, 0, 0, 0);color:#33cccc\" class=\"has-inline-color\">ISO 15118 Plug &amp; Charge<\/mark><\/a>, forts\u00e4tter vi att leda branschen genom att leverera \u00f6ppen, s\u00e4ker och framtidss\u00e4krad laddningsteknik. V\u00e5rt <a href=\"https:\/\/www.iocharger.com\/sv\/pedestal-2x7kw-2x22kw-dual-ac-commercial-ev-charger\/\" target=\"_blank\" rel=\"noreferrer noopener\"><mark style=\"background-color:rgba(0, 0, 0, 0);color:#33cccc\" class=\"has-inline-color\">IOCAP26<\/mark><\/a> dubbla AC-laddare, certifierad enligt den tyska kalibreringslagen (Eichrecht), s\u00e4kerst\u00e4ller full metrologisk \u00f6verensst\u00e4mmelse och st\u00e4rker ytterligare v\u00e5r n\u00e4rvaro p\u00e5 den europeiska marknaden.<\/p>\n\n\n\n<p>Under m\u00e4ssan presenterade vi stolt tv\u00e5 kommande flaggskeppsmodeller:<\/p>\n\n\n\n<div class=\"wp-block-columns is-layout-flex wp-container-core-columns-is-layout-9d6595d7 wp-block-columns-is-layout-flex\">\n<div class=\"wp-block-column is-layout-flow wp-block-column-is-layout-flow\">\n<figure class=\"wp-block-image size-full\"><a href=\"https:\/\/www.iocharger.com\/sv\/public-dual-ac-wallbox-2x22kw\/\" target=\"_blank\" rel=\" noreferrer noopener\"><img fetchpriority=\"high\" decoding=\"async\" width=\"660\" height=\"660\" src=\"https:\/\/www.iocharger.com\/wp-content\/uploads\/2025\/06\/03-660x660-1.webp\" alt=\"\" class=\"wp-image-8630\" srcset=\"https:\/\/www.iocharger.com\/wp-content\/uploads\/2025\/06\/03-660x660-1.webp 660w, https:\/\/www.iocharger.com\/wp-content\/uploads\/2025\/06\/03-660x660-1-300x300.webp 300w, https:\/\/www.iocharger.com\/wp-content\/uploads\/2025\/06\/03-660x660-1-150x150.webp 150w, https:\/\/www.iocharger.com\/wp-content\/uploads\/2025\/06\/03-660x660-1-285x285.webp 285w, https:\/\/www.iocharger.com\/wp-content\/uploads\/2025\/06\/03-660x660-1-270x270.webp 270w, https:\/\/www.iocharger.com\/wp-content\/uploads\/2025\/06\/03-660x660-1-540x540.webp 540w\" sizes=\"(max-width: 660px) 100vw, 660px\" \/><\/a><figcaption class=\"wp-element-caption\">IOCAW31, v\u00e4ggmonterad AC-laddare med dubbla portar<\/figcaption><\/figure>\n<\/div>\n\n\n\n<div class=\"wp-block-column is-layout-flow wp-block-column-is-layout-flow\">\n<figure class=\"wp-block-image size-full\"><a href=\"https:\/\/www.iocharger.com\/sv\/dual-ports-pedestal-ac-ev-charger-ocpp\/\" target=\"_blank\" rel=\" noreferrer noopener\"><img decoding=\"async\" width=\"660\" height=\"660\" src=\"https:\/\/www.iocharger.com\/wp-content\/uploads\/2025\/11\/dual-ports-ev-charger-post-1-660x660-1.webp\" alt=\"\" class=\"wp-image-8435\" srcset=\"https:\/\/www.iocharger.com\/wp-content\/uploads\/2025\/11\/dual-ports-ev-charger-post-1-660x660-1.webp 660w, https:\/\/www.iocharger.com\/wp-content\/uploads\/2025\/11\/dual-ports-ev-charger-post-1-660x660-1-300x300.webp 300w, https:\/\/www.iocharger.com\/wp-content\/uploads\/2025\/11\/dual-ports-ev-charger-post-1-660x660-1-150x150.webp 150w, https:\/\/www.iocharger.com\/wp-content\/uploads\/2025\/11\/dual-ports-ev-charger-post-1-660x660-1-285x285.webp 285w, https:\/\/www.iocharger.com\/wp-content\/uploads\/2025\/11\/dual-ports-ev-charger-post-1-660x660-1-270x270.webp 270w, https:\/\/www.iocharger.com\/wp-content\/uploads\/2025\/11\/dual-ports-ev-charger-post-1-660x660-1-540x540.webp 540w\" sizes=\"(max-width: 660px) 100vw, 660px\" \/><\/a><figcaption class=\"wp-element-caption\">IOCAP35, golvst\u00e5ende AC-laddare med dubbla portar<\/figcaption><\/figure>\n<\/div>\n<\/div>\n\n\n\n<p>B\u00e5da modellerna \u00e4r konstruerade f\u00f6r laddningsmilj\u00f6er med flera fordon och h\u00f6g samtidighet och erbjuder flexibla installationsalternativ och st\u00f6d f\u00f6r avancerade funktioner som t.ex:<\/p>\n\n\n\n<ul class=\"wp-block-list\">\n<li>OCPP 1.6J &amp; OCPP 2.0.1<\/li>\n\n\n\n<li>ISO15118 Plug&amp;Charge<\/li>\n\n\n\n<li>Dynamisk lastbalansering<\/li>\n\n\n\n<li>Integrerad POS-betalning<\/li>\n\n\n\n<li>Smart energihantering<\/li>\n<\/ul>\n\n\n\n<p>Dessa nya laddare har r\u00f6nt stort intresse och f\u00e5tt positiv feedback fr\u00e5n branschens intressenter, vilket bekr\u00e4ftar v\u00e5r anv\u00e4ndarcentrerade design och v\u00e5rt engagemang f\u00f6r innovation.<\/p>\n\n\n\n<p>Vi \u00e4r fortsatt dedikerade till att utveckla banbrytande l\u00f6sningar och tillhandah\u00e5lla lokalt st\u00f6d, vilket hj\u00e4lper v\u00e5ra partners att p\u00e5skynda \u00f6verg\u00e5ngen till smart mobilitet och h\u00e5llbar energi.<\/p>\n\n\n\n<p>F\u00f6r mer information, v\u00e4nligen bes\u00f6k&nbsp;<a href=\"https:\/\/www.iocharger.com\/sv\/\"><mark style=\"background-color:rgba(0, 0, 0, 0);color:#33cccc\" class=\"has-inline-color\">www.iocharger.com<\/mark><\/a>&nbsp;eller kontakta oss p\u00e5&nbsp;<a href=\"mailto:sales@iocharger.com\"><mark style=\"background-color:rgba(0, 0, 0, 0);color:#33cccc\" class=\"has-inline-color\">sales@iocharger.com<\/mark><\/a>.<\/p>\n\n\n\n<p><\/p>","protected":false},"excerpt":{"rendered":"<p>iocharger avslutade framg\u00e5ngsrikt sitt deltagande i den 38:e Electric Vehicle Symposium &amp; Exhibition (EVS38), som h\u00f6lls den 16\u201318 juni...<\/p>","protected":false},"author":1,"featured_media":8436,"comment_status":"closed","ping_status":"closed","sticky":false,"template":"","format":"standard","meta":{"_acf_changed":false,"footnotes":""},"categories":[109],"tags":[305,281,306],"class_list":["post-8432","post","type-post","status-publish","format-standard","has-post-thumbnail","hentry","category-exhibition-news","tag-ev-charging-exhibition","tag-evs38","tag-iocharger-evs38"],"acf":[],"_links":{"self":[{"href":"https:\/\/www.iocharger.com\/sv\/wp-json\/wp\/v2\/posts\/8432","targetHints":{"allow":["GET"]}}],"collection":[{"href":"https:\/\/www.iocharger.com\/sv\/wp-json\/wp\/v2\/posts"}],"about":[{"href":"https:\/\/www.iocharger.com\/sv\/wp-json\/wp\/v2\/types\/post"}],"author":[{"embeddable":true,"href":"https:\/\/www.iocharger.com\/sv\/wp-json\/wp\/v2\/users\/1"}],"replies":[{"embeddable":true,"href":"https:\/\/www.iocharger.com\/sv\/wp-json\/wp\/v2\/comments?post=8432"}],"version-history":[{"count":0,"href":"https:\/\/www.iocharger.com\/sv\/wp-json\/wp\/v2\/posts\/8432\/revisions"}],"wp:featuredmedia":[{"embeddable":true,"href":"https:\/\/www.iocharger.com\/sv\/wp-json\/wp\/v2\/media\/8436"}],"wp:attachment":[{"href":"https:\/\/www.iocharger.com\/sv\/wp-json\/wp\/v2\/media?parent=8432"}],"wp:term":[{"taxonomy":"category","embeddable":true,"href":"https:\/\/www.iocharger.com\/sv\/wp-json\/wp\/v2\/categories?post=8432"},{"taxonomy":"post_tag","embeddable":true,"href":"https:\/\/www.iocharger.com\/sv\/wp-json\/wp\/v2\/tags?post=8432"}],"curies":[{"name":"wp","href":"https:\/\/api.w.org\/{rel}","templated":true}]}}