{"id":8368,"date":"2025-06-03T10:57:00","date_gmt":"2025-06-03T10:57:00","guid":{"rendered":"https:\/\/www.jinghuaceramic.com\/?p=8368"},"modified":"2025-11-25T08:58:00","modified_gmt":"2025-11-25T08:58:00","slug":"iocharger-introduces-dual-ac-charger-series","status":"publish","type":"post","link":"https:\/\/www.iocharger.com\/sv\/iocharger-introduces-dual-ac-charger-series\/","title":{"rendered":"Iocharger introducerar innovativ serie med dubbla v\u00e4xelstr\u00f6msladdare p\u00e5 EVS38"},"content":{"rendered":"<p>G\u00f6teborg, Sverige - Iocharger \u00e4r stolta \u00f6ver att tillk\u00e4nnage den globala lanseringen av sina senaste modeller av dubbla AC-laddare(<a href=\"https:\/\/www.iocharger.com\/sv\/public-dual-ac-wallbox-2x22kw\/\" target=\"_blank\" rel=\"noreferrer noopener\"><mark style=\"background-color:rgba(0, 0, 0, 0);color:#33cccc\" class=\"has-inline-color\">IOCAW31<\/mark><\/a><mark style=\"background-color:rgba(0, 0, 0, 0);color:#33cccc\" class=\"has-inline-color\"> <\/mark>och <a href=\"https:\/\/www.iocharger.com\/sv\/dual-ports-pedestal-ac-ev-charger-ocpp\/\" target=\"_blank\" rel=\"noreferrer noopener\"><mark style=\"background-color:rgba(0, 0, 0, 0);color:#33cccc\" class=\"has-inline-color\">IOCAP35<\/mark><\/a>) p\u00e5 EVS38 - den 38:e symposiet och utst\u00e4llningen om elfordon (<strong>15-18 juni 2025<\/strong>). Dessa avancerade laddstationer \u00e4r utformade f\u00f6r att m\u00f6ta de nya kraven fr\u00e5n elfordonsmarknaden och erbjuder smartare, mer tillf\u00f6rlitliga och framtidss\u00e4kra l\u00f6sningar f\u00f6r kommersiell och offentlig anv\u00e4ndning.<\/p>\n\n\n\n<p>Den nya serien med dubbla AC-laddare \u00e4r utrustad med avancerade funktioner f\u00f6r att \u00f6ka effektiviteten och anv\u00e4ndarv\u00e4nligheten, bl.a:<\/p>\n\n\n\n<ul class=\"wp-block-list\">\n<li><strong>OCPP 1.6J &amp; OCPP 2.0.1<\/strong> efterlevnad f\u00f6r s\u00f6ml\u00f6s interoperabilitet<\/li>\n\n\n\n<li><strong>ISO15118 Plug&amp;Charge<\/strong> f\u00f6r s\u00e4kra, automatiserade transaktioner<\/li>\n\n\n\n<li><strong>Integrerade POS-betalningar<\/strong> f\u00f6r str\u00f6mlinjeformad fakturering<\/li>\n\n\n\n<li><strong>Dynamisk lastbalansering<\/strong> f\u00f6r att optimera energidistributionen<\/li>\n\n\n\n<li><strong>Fj\u00e4rrstyrd och lokal smart drift och underh\u00e5ll<\/strong> f\u00f6r enkel hantering<\/li>\n<\/ul>\n\n\n\n<p>Dessa innovationer g\u00f6r den dubbla AC-laddaren till en idealisk l\u00f6sning f\u00f6r laddplatsoperat\u00f6rer (CPO), energileverant\u00f6rer, vagnparksoperat\u00f6rer och laddinfrastrukturpartners som vill ut\u00f6ka sitt utbud med h\u00f6gpresterande teknik.<\/p>\n\n\n\n<p>Iocharger bjuder in branschfolk att utforska dessa nya produkter p\u00e5 EVS38 i G\u00f6teborg. F\u00f6r m\u00f6tesf\u00f6rfr\u00e5gningar eller ytterligare produktinformation, v\u00e4nligen kontakta s\u00e4ljteamet p\u00e5 <a href=\"mailto:sales@iocharger.com\"><mark style=\"background-color:rgba(0, 0, 0, 0);color:#33cccc\" class=\"has-inline-color\">sales@iocharger.com<\/mark><\/a><mark style=\"background-color:rgba(0, 0, 0, 0);color:#33cccc\" class=\"has-inline-color\">.<\/mark><\/p>\n\n\n\n<p>Bes\u00f6k Iochargers monter f\u00f6r att uppleva framtidens EV-laddning p\u00e5 n\u00e4ra h\u00e5ll.<\/p>\n\n\n\n<h3 class=\"wp-block-heading\">Information om evenemanget:<\/h3>\n\n\n\n<h4 class=\"wp-block-heading\"><strong>Datum: 16-18 juni 16-18 juni 2025<\/strong><\/h4>\n\n\n\n<h4 class=\"wp-block-heading\"><strong>Plats: G\u00f6teborg G\u00f6teborg, Sverige<\/strong><\/h4>\n\n\n\n<h4 class=\"wp-block-heading\"><strong>Monter: A06-02<\/strong><\/h4>","protected":false},"excerpt":{"rendered":"<p>G\u00f6teborg, Sverige \u2013 Iocharger \u00e4r stolta \u00f6ver att presentera den globala lanseringen av sina senaste modeller av dubbla v\u00e4xelstr\u00f6msladdare (IOCAW31\u2026<\/p>","protected":false},"author":1,"featured_media":8373,"comment_status":"closed","ping_status":"closed","sticky":false,"template":"","format":"standard","meta":{"_acf_changed":false,"footnotes":""},"categories":[121],"tags":[299,281,300],"class_list":["post-8368","post","type-post","status-publish","format-standard","has-post-thumbnail","hentry","category-product-news","tag-dual-ac-charger","tag-evs38","tag-iocharger-new-product-release"],"acf":[],"_links":{"self":[{"href":"https:\/\/www.iocharger.com\/sv\/wp-json\/wp\/v2\/posts\/8368","targetHints":{"allow":["GET"]}}],"collection":[{"href":"https:\/\/www.iocharger.com\/sv\/wp-json\/wp\/v2\/posts"}],"about":[{"href":"https:\/\/www.iocharger.com\/sv\/wp-json\/wp\/v2\/types\/post"}],"author":[{"embeddable":true,"href":"https:\/\/www.iocharger.com\/sv\/wp-json\/wp\/v2\/users\/1"}],"replies":[{"embeddable":true,"href":"https:\/\/www.iocharger.com\/sv\/wp-json\/wp\/v2\/comments?post=8368"}],"version-history":[{"count":0,"href":"https:\/\/www.iocharger.com\/sv\/wp-json\/wp\/v2\/posts\/8368\/revisions"}],"wp:featuredmedia":[{"embeddable":true,"href":"https:\/\/www.iocharger.com\/sv\/wp-json\/wp\/v2\/media\/8373"}],"wp:attachment":[{"href":"https:\/\/www.iocharger.com\/sv\/wp-json\/wp\/v2\/media?parent=8368"}],"wp:term":[{"taxonomy":"category","embeddable":true,"href":"https:\/\/www.iocharger.com\/sv\/wp-json\/wp\/v2\/categories?post=8368"},{"taxonomy":"post_tag","embeddable":true,"href":"https:\/\/www.iocharger.com\/sv\/wp-json\/wp\/v2\/tags?post=8368"}],"curies":[{"name":"wp","href":"https:\/\/api.w.org\/{rel}","templated":true}]}}