{"id":6932,"date":"2025-03-28T11:57:25","date_gmt":"2025-03-28T03:57:25","guid":{"rendered":"https:\/\/www.iocharger.com\/?p=6932"},"modified":"2025-03-28T11:57:25","modified_gmt":"2025-03-28T03:57:25","slug":"iocharger-at-ev-charging-summit-expo-2025","status":"publish","type":"post","link":"https:\/\/www.iocharger.com\/sv\/iocharger-at-ev-charging-summit-expo-2025\/","title":{"rendered":"iocharger p\u00e5 EV Charging Summit &amp; Expo 2025: Framsteg inom innovation f\u00f6r laddning av elfordon"},"content":{"rendered":"<p>iocharger hade \u00e4ran att delta i EV Charging Summit &amp; Expo (EVCS &amp; Expo), som h\u00f6lls i Las Vegas den 26-27 mars 2025. Som Nordamerikas st\u00f6rsta evenemang f\u00f6r infrastruktur f\u00f6r elektrifiering av transporter erbj\u00f6d utst\u00e4llningen en v\u00e4rdefull plattform f\u00f6r branschfolk.<\/p>\n<p>P\u00e5 evenemanget, <span style=\"color: #33cccc;\"><a style=\"color: #33cccc;\" href=\"https:\/\/www.iocharger.com\/sv\/\">iocharger<\/a> <\/span>visade upp sina avancerade h\u00e5rdvaru- och mjukvarul\u00f6sningar f\u00f6r laddning av elbilar, i enlighet med OCPP 2.0.1 och <span style=\"color: #33cccc;\"><a style=\"color: #33cccc;\" href=\"https:\/\/www.iocharger.com\/sv\/iso15118-plug-and-charge\/\">ISO15118 Plug&amp;Charge<\/a> <\/span>standarder. V\u00e5rt team deltog i djupg\u00e5ende diskussioner med branschexperter och utforskade innovationer och samarbetsm\u00f6jligheter inom laddningsinfrastruktur f\u00f6r elbilar.<\/p>\n<p><img fetchpriority=\"high\" decoding=\"async\" class=\"alignnone wp-image-6933\" src=\"https:\/\/www.iocharger.com\/wp-content\/uploads\/2025\/03\/EVCS-Expo-300x235.jpg\" alt=\"EVCS &amp; Expo\" width=\"800\" height=\"627\" \/><\/p>\n<p><img decoding=\"async\" class=\"alignnone wp-image-6934\" src=\"https:\/\/www.iocharger.com\/wp-content\/uploads\/2025\/03\/%E5%9B%BE%E7%89%873-300x225.jpg\" alt=\"iocharger EV-laddningstoppm\u00f6te\" width=\"800\" height=\"600\" \/><\/p>\n<p><img decoding=\"async\" class=\"alignnone wp-image-6935\" src=\"https:\/\/www.iocharger.com\/wp-content\/uploads\/2025\/03\/%E5%9B%BE%E7%89%874-300x256.jpg\" alt=\"iocharger utst\u00e4llning\" width=\"800\" height=\"682\" \/><\/p>\n<p>Genom att delta i detta toppm\u00f6te fick iocharger djupare insikter om den amerikanska marknadens behov och trender. Vi \u00e4r fast beslutna att integrera dessa insikter i framtida produktutveckling och marknadsstrategier f\u00f6r att b\u00e4ttre kunna betj\u00e4na v\u00e5ra globala kunder.<\/p>\n<p>iocharger ser fram emot att omvandla kunskapen fr\u00e5n m\u00e4ssan till konkreta \u00e5tg\u00e4rder, forts\u00e4tta att driva innovation inom laddningsteknik f\u00f6r elbilar och bidra till den globala \u00f6verg\u00e5ngen till elektrifierade transporter.<\/p>","protected":false},"excerpt":{"rendered":"<p>iocharger hade \u00e4ran att delta i EV Charging Summit &amp; Expo (EVCS &amp; Expo), som h\u00f6lls i Las...<\/p>","protected":false},"author":1,"featured_media":6938,"comment_status":"closed","ping_status":"closed","sticky":false,"template":"","format":"standard","meta":{"_acf_changed":false,"footnotes":""},"categories":[109],"tags":[257,258],"class_list":["post-6932","post","type-post","status-publish","format-standard","has-post-thumbnail","hentry","category-exhibition-news","tag-iocharger-at-ev-charging-summit-expo-2025","tag-iocharger-exhibition-us"],"acf":[],"_links":{"self":[{"href":"https:\/\/www.iocharger.com\/sv\/wp-json\/wp\/v2\/posts\/6932","targetHints":{"allow":["GET"]}}],"collection":[{"href":"https:\/\/www.iocharger.com\/sv\/wp-json\/wp\/v2\/posts"}],"about":[{"href":"https:\/\/www.iocharger.com\/sv\/wp-json\/wp\/v2\/types\/post"}],"author":[{"embeddable":true,"href":"https:\/\/www.iocharger.com\/sv\/wp-json\/wp\/v2\/users\/1"}],"replies":[{"embeddable":true,"href":"https:\/\/www.iocharger.com\/sv\/wp-json\/wp\/v2\/comments?post=6932"}],"version-history":[{"count":0,"href":"https:\/\/www.iocharger.com\/sv\/wp-json\/wp\/v2\/posts\/6932\/revisions"}],"wp:featuredmedia":[{"embeddable":true,"href":"https:\/\/www.iocharger.com\/sv\/wp-json\/wp\/v2\/media\/6938"}],"wp:attachment":[{"href":"https:\/\/www.iocharger.com\/sv\/wp-json\/wp\/v2\/media?parent=6932"}],"wp:term":[{"taxonomy":"category","embeddable":true,"href":"https:\/\/www.iocharger.com\/sv\/wp-json\/wp\/v2\/categories?post=6932"},{"taxonomy":"post_tag","embeddable":true,"href":"https:\/\/www.iocharger.com\/sv\/wp-json\/wp\/v2\/tags?post=6932"}],"curies":[{"name":"wp","href":"https:\/\/api.w.org\/{rel}","templated":true}]}}