{"id":6650,"date":"2025-01-08T14:51:06","date_gmt":"2025-01-08T06:51:06","guid":{"rendered":"https:\/\/www.iocharger.com\/?p=6650"},"modified":"2025-01-08T14:51:06","modified_gmt":"2025-01-08T06:51:06","slug":"ocpp-ev-chargers-for-public-parking-lots","status":"publish","type":"post","link":"https:\/\/www.iocharger.com\/sv\/ocpp-ev-chargers-for-public-parking-lots\/","title":{"rendered":"OCPP EV-laddare f\u00f6r offentliga parkeringsplatser: F\u00f6rb\u00e4ttrad tillg\u00e4nglighet och skalbarhet"},"content":{"rendered":"<p>Eftersom efterfr\u00e5gan p\u00e5 laddinfrastruktur f\u00f6r elfordon forts\u00e4tter att \u00f6ka \u00e4r det av st\u00f6rsta vikt att v\u00e4lja effektiva och skalbara l\u00f6sningar. P\u00e5 iocharger \u00e4r vi dedikerade till att f\u00f6rst\u00e5 och tillgodose de unika behoven p\u00e5 marknaden f\u00f6r offentlig laddning, och d\u00e4rf\u00f6r \u00e4r vi glada att kunna presentera v\u00e5ra smarta OCPP-laddare f\u00f6r elfordon f\u00f6r offentliga parkeringsplatser, som \u00e4r utformade f\u00f6r att f\u00f6rb\u00e4ttra tillg\u00e4ngligheten och skalbarheten.<\/p>\n<h3>M\u00f6t den dubbla AC-laddaren IOCAP26 med piedestal<\/h3>\n<p>IOCAP26 \u00e4r mer \u00e4n bara en laddstation, den \u00e4r \u00e4ven l\u00e4mplig f\u00f6r offentliga parkeringsplatser. Med sin dubbla laddningskapacitet g\u00f6r IOCAP26 det m\u00f6jligt att ladda tv\u00e5 elfordon samtidigt, vilket maximerar anv\u00e4ndningen av tillg\u00e4ngliga parkeringsplatser. Dess smarta teknik optimerar energif\u00f6rdelningen, minskar v\u00e4ntetiderna och f\u00f6rb\u00e4ttrar kundn\u00f6jdheten. Dessutom g\u00f6r laddarens anv\u00e4ndarv\u00e4nliga gr\u00e4nssnitt och robusta design den till en idealisk l\u00f6sning f\u00f6r trafikerade offentliga parkeringsplatser, vilket garanterar tillf\u00f6rlitlighet och anv\u00e4ndarv\u00e4nlighet.<\/p>\n<figure id=\"attachment_5900\" aria-describedby=\"caption-attachment-5900\" style=\"width: 300px\" class=\"wp-caption alignnone\"><a href=\"https:\/\/www.iocharger.com\/sv\/ocpp-public-ev-charger-support-credit-card-payment-with-pos-terminal\/\"><img fetchpriority=\"high\" decoding=\"async\" class=\"wp-image-5900 size-medium\" src=\"https:\/\/www.iocharger.com\/wp-content\/uploads\/2024\/09\/level-2-dual-ports-ev-charger-300x300.png\" alt=\"\" width=\"300\" height=\"300\" \/><\/a><figcaption id=\"caption-attachment-5900\" class=\"wp-caption-text\"><a href=\"https:\/\/www.iocharger.com\/sv\/ocpp-public-ev-charger-support-credit-card-payment-with-pos-terminal\/\"><span style=\"color: #33cccc;\">IOCAP26<\/span><\/a><\/figcaption><\/figure>\n<p>Med dubbla kontakter \u00e4r IOCAP26 konstruerad f\u00f6r att fungera b\u00e5de i kommersiella och bostadsomr\u00e5den och erbjuder en intelligent, flexibel och anv\u00e4ndarv\u00e4nlig laddningsupplevelse som s\u00e4tter nya standarder f\u00f6r EV-infrastruktur. IOCAP26 \u00e4r enkel att installera och underh\u00e5lla, och dess s\u00e4kerhetsfunktioner garanterar tillf\u00f6rlitlig drift. Det \u00e4r ett ekonomiskt och energieffektivt alternativ f\u00f6r EV-laddning.<\/p>\n<h3>Snabbladdare f\u00f6r likstr\u00f6m: Effekt fr\u00e5n 30 kW till 420 kW<\/h3>\n<p>F\u00f6r dem som beh\u00f6ver snabba och ultrasnabba laddningsalternativ har vi ett brett utbud av <span style=\"color: #33cccc;\"><a style=\"color: #33cccc;\" href=\"https:\/\/www.iocharger.com\/sv\/dc-fast-charger\/\">kommersiella DC-laddare<\/a><\/span> \u00e4r utformad f\u00f6r att \u00f6vertr\u00e4ffa f\u00f6rv\u00e4ntningarna. V\u00e5ra laddare, som str\u00e4cker sig fr\u00e5n 30 kW till imponerande 420 kW, \u00e4r utformade f\u00f6r att vara tillf\u00f6rlitliga, effektiva och kostnadseffektiva.<\/p>\n<div id='gallery-1' class='gallery galleryid-6650 gallery-columns-3 gallery-size-thumbnail'><figure class='gallery-item'>\n\t\t\t<div class='gallery-icon landscape'>\n\t\t\t\t<a href='https:\/\/www.iocharger.com\/sv\/iocny2-ev-charger-2-3\/'><img decoding=\"async\" width=\"150\" height=\"150\" src=\"https:\/\/www.iocharger.com\/wp-content\/uploads\/2024\/04\/IOCNY2-ev-charger-2-1-1-150x150.png\" class=\"attachment-thumbnail size-thumbnail\" alt=\"\" aria-describedby=\"gallery-1-5993\" srcset=\"https:\/\/www.iocharger.com\/wp-content\/uploads\/2024\/04\/IOCNY2-ev-charger-2-1-1-150x150.png 150w, https:\/\/www.iocharger.com\/wp-content\/uploads\/2024\/04\/IOCNY2-ev-charger-2-1-1-660x660.png 660w, https:\/\/www.iocharger.com\/wp-content\/uploads\/2024\/04\/IOCNY2-ev-charger-2-1-1-300x300.png 300w, https:\/\/www.iocharger.com\/wp-content\/uploads\/2024\/04\/IOCNY2-ev-charger-2-1-1-768x768.png 768w, https:\/\/www.iocharger.com\/wp-content\/uploads\/2024\/04\/IOCNY2-ev-charger-2-1-1-285x285.png 285w, https:\/\/www.iocharger.com\/wp-content\/uploads\/2024\/04\/IOCNY2-ev-charger-2-1-1-270x270.png 270w, https:\/\/www.iocharger.com\/wp-content\/uploads\/2024\/04\/IOCNY2-ev-charger-2-1-1-540x540.png 540w, https:\/\/www.iocharger.com\/wp-content\/uploads\/2024\/04\/IOCNY2-ev-charger-2-1-1.png 800w\" sizes=\"(max-width: 150px) 100vw, 150px\" \/><\/a>\n\t\t\t<\/div>\n\t\t\t\t<figcaption class='wp-caption-text gallery-caption' id='gallery-1-5993'>\n\t\t\t\t60 kW till 240 kW DC-snabbladdare med reklamsystem\n\t\t\t\t<\/figcaption><\/figure><figure class='gallery-item'>\n\t\t\t<div class='gallery-icon landscape'>\n\t\t\t\t<a href='https:\/\/www.iocharger.com\/sv\/iocly2-super-fast-ev-charger-2\/'><img decoding=\"async\" width=\"150\" height=\"150\" src=\"https:\/\/www.iocharger.com\/wp-content\/uploads\/2023\/11\/IOCLY2-super-fast-ev-charger-2-1-150x150.png\" class=\"attachment-thumbnail size-thumbnail\" alt=\"\" aria-describedby=\"gallery-1-5936\" srcset=\"https:\/\/www.iocharger.com\/wp-content\/uploads\/2023\/11\/IOCLY2-super-fast-ev-charger-2-1-150x150.png 150w, https:\/\/www.iocharger.com\/wp-content\/uploads\/2023\/11\/IOCLY2-super-fast-ev-charger-2-1-660x660.png 660w, https:\/\/www.iocharger.com\/wp-content\/uploads\/2023\/11\/IOCLY2-super-fast-ev-charger-2-1-300x300.png 300w, https:\/\/www.iocharger.com\/wp-content\/uploads\/2023\/11\/IOCLY2-super-fast-ev-charger-2-1-768x768.png 768w, https:\/\/www.iocharger.com\/wp-content\/uploads\/2023\/11\/IOCLY2-super-fast-ev-charger-2-1-285x285.png 285w, https:\/\/www.iocharger.com\/wp-content\/uploads\/2023\/11\/IOCLY2-super-fast-ev-charger-2-1-270x270.png 270w, https:\/\/www.iocharger.com\/wp-content\/uploads\/2023\/11\/IOCLY2-super-fast-ev-charger-2-1-540x540.png 540w, https:\/\/www.iocharger.com\/wp-content\/uploads\/2023\/11\/IOCLY2-super-fast-ev-charger-2-1.png 800w\" sizes=\"(max-width: 150px) 100vw, 150px\" \/><\/a>\n\t\t\t<\/div>\n\t\t\t\t<figcaption class='wp-caption-text gallery-caption' id='gallery-1-5936'>\n\t\t\t\t240 kW till 420 kW ultrasnabb laddningsstation\n\t\t\t\t<\/figcaption><\/figure><figure class='gallery-item'>\n\t\t\t<div class='gallery-icon landscape'>\n\t\t\t\t<a href='https:\/\/www.iocharger.com\/sv\/iochy2-ev-charger-6\/'><img loading=\"lazy\" decoding=\"async\" width=\"150\" height=\"150\" src=\"https:\/\/www.iocharger.com\/wp-content\/uploads\/2023\/05\/IOCHY2-ev-charger-6-1-150x150.png\" class=\"attachment-thumbnail size-thumbnail\" alt=\"\" aria-describedby=\"gallery-1-5958\" srcset=\"https:\/\/www.iocharger.com\/wp-content\/uploads\/2023\/05\/IOCHY2-ev-charger-6-1-150x150.png 150w, https:\/\/www.iocharger.com\/wp-content\/uploads\/2023\/05\/IOCHY2-ev-charger-6-1-660x660.png 660w, https:\/\/www.iocharger.com\/wp-content\/uploads\/2023\/05\/IOCHY2-ev-charger-6-1-300x300.png 300w, https:\/\/www.iocharger.com\/wp-content\/uploads\/2023\/05\/IOCHY2-ev-charger-6-1-768x768.png 768w, https:\/\/www.iocharger.com\/wp-content\/uploads\/2023\/05\/IOCHY2-ev-charger-6-1-285x285.png 285w, https:\/\/www.iocharger.com\/wp-content\/uploads\/2023\/05\/IOCHY2-ev-charger-6-1-270x270.png 270w, https:\/\/www.iocharger.com\/wp-content\/uploads\/2023\/05\/IOCHY2-ev-charger-6-1-540x540.png 540w, https:\/\/www.iocharger.com\/wp-content\/uploads\/2023\/05\/IOCHY2-ev-charger-6-1.png 800w\" sizes=\"(max-width: 150px) 100vw, 150px\" \/><\/a>\n\t\t\t<\/div>\n\t\t\t\t<figcaption class='wp-caption-text gallery-caption' id='gallery-1-5958'>\n\t\t\t\t30 kW\/60 kW Wallbox DC\n\t\t\t\t<\/figcaption><\/figure><figure class='gallery-item'>\n\t\t\t<div class='gallery-icon landscape'>\n\t\t\t\t<a href='https:\/\/www.iocharger.com\/sv\/?attachment_id=6595'><img loading=\"lazy\" decoding=\"async\" width=\"150\" height=\"150\" src=\"https:\/\/www.iocharger.com\/wp-content\/uploads\/2023\/05\/60kw-120kw-dc-fast-charger-1-150x150.jpg\" class=\"attachment-thumbnail size-thumbnail\" alt=\"60 kW 120 kW DC snabbladdare\" aria-describedby=\"gallery-1-6595\" srcset=\"https:\/\/www.iocharger.com\/wp-content\/uploads\/2023\/05\/60kw-120kw-dc-fast-charger-1-150x150.jpg 150w, https:\/\/www.iocharger.com\/wp-content\/uploads\/2023\/05\/60kw-120kw-dc-fast-charger-1-660x660.jpg 660w, https:\/\/www.iocharger.com\/wp-content\/uploads\/2023\/05\/60kw-120kw-dc-fast-charger-1-300x300.jpg 300w, https:\/\/www.iocharger.com\/wp-content\/uploads\/2023\/05\/60kw-120kw-dc-fast-charger-1-768x768.jpg 768w, https:\/\/www.iocharger.com\/wp-content\/uploads\/2023\/05\/60kw-120kw-dc-fast-charger-1-285x285.jpg 285w, https:\/\/www.iocharger.com\/wp-content\/uploads\/2023\/05\/60kw-120kw-dc-fast-charger-1-270x270.jpg 270w, https:\/\/www.iocharger.com\/wp-content\/uploads\/2023\/05\/60kw-120kw-dc-fast-charger-1-540x540.jpg 540w, https:\/\/www.iocharger.com\/wp-content\/uploads\/2023\/05\/60kw-120kw-dc-fast-charger-1.jpg 1000w\" sizes=\"(max-width: 150px) 100vw, 150px\" \/><\/a>\n\t\t\t<\/div>\n\t\t\t\t<figcaption class='wp-caption-text gallery-caption' id='gallery-1-6595'>\n\t\t\t\t60 kW till 180 kW DC EV-laddstation\n\t\t\t\t<\/figcaption><\/figure><figure class='gallery-item'>\n\t\t\t<div class='gallery-icon landscape'>\n\t\t\t\t<a href='https:\/\/www.iocharger.com\/sv\/?attachment_id=6614'><img loading=\"lazy\" decoding=\"async\" width=\"150\" height=\"150\" src=\"https:\/\/www.iocharger.com\/wp-content\/uploads\/2023\/05\/AC-DC-combo-ev-charging-station-1-150x150.jpg\" class=\"attachment-thumbnail size-thumbnail\" alt=\"AC DC-kombinerad laddstation f\u00f6r elbilar\" aria-describedby=\"gallery-1-6614\" srcset=\"https:\/\/www.iocharger.com\/wp-content\/uploads\/2023\/05\/AC-DC-combo-ev-charging-station-1-150x150.jpg 150w, https:\/\/www.iocharger.com\/wp-content\/uploads\/2023\/05\/AC-DC-combo-ev-charging-station-1-660x660.jpg 660w, https:\/\/www.iocharger.com\/wp-content\/uploads\/2023\/05\/AC-DC-combo-ev-charging-station-1-300x300.jpg 300w, https:\/\/www.iocharger.com\/wp-content\/uploads\/2023\/05\/AC-DC-combo-ev-charging-station-1-768x768.jpg 768w, https:\/\/www.iocharger.com\/wp-content\/uploads\/2023\/05\/AC-DC-combo-ev-charging-station-1-285x285.jpg 285w, https:\/\/www.iocharger.com\/wp-content\/uploads\/2023\/05\/AC-DC-combo-ev-charging-station-1-270x270.jpg 270w, https:\/\/www.iocharger.com\/wp-content\/uploads\/2023\/05\/AC-DC-combo-ev-charging-station-1-540x540.jpg 540w, https:\/\/www.iocharger.com\/wp-content\/uploads\/2023\/05\/AC-DC-combo-ev-charging-station-1.jpg 1000w\" sizes=\"(max-width: 150px) 100vw, 150px\" \/><\/a>\n\t\t\t<\/div>\n\t\t\t\t<figcaption class='wp-caption-text gallery-caption' id='gallery-1-6614'>\n\t\t\t\t3-i-1 AC\/DC-kombiladdare\n\t\t\t\t<\/figcaption><\/figure>\n\t\t<\/div>\n\n<p>Vi erbjuder \u00e4ven omfattande supporttj\u00e4nster f\u00f6r att s\u00e4kerst\u00e4lla att v\u00e5ra kunder f\u00e5r b\u00e4sta m\u00f6jliga upplevelse. V\u00e5ra laddare \u00e4r l\u00e4mpliga f\u00f6r offentliga och kommersiella parkeringsplatser, och v\u00e5rt team av experter st\u00e5r till f\u00f6rfogande f\u00f6r installation och underh\u00e5ll. Vi \u00e4r fast beslutna att erbjuda v\u00e5ra kunder produkter och tj\u00e4nster av h\u00f6gsta kvalitet. V\u00e5ra omfattande supporttj\u00e4nster \u00f6kar kundn\u00f6jdheten genom att erbjuda hj\u00e4lp dygnet runt, se till att eventuella problem hanteras omedelbart och minimera driftstopp f\u00f6r laddstationer. Denna niv\u00e5 av support hj\u00e4lper till att uppr\u00e4tth\u00e5lla optimal funktionalitet och tillf\u00f6rlitlighet, vilket ger kunderna trygghet i vetskapen om att de kan lita p\u00e5 v\u00e5ra laddare n\u00e4r de beh\u00f6ver dem. Dessutom s\u00e4kerst\u00e4ller v\u00e5ra expertinstallationer och underh\u00e5llstj\u00e4nster en smidig integration och l\u00e5ngsiktig prestanda, vilket g\u00f6r laddningsupplevelsen problemfri f\u00f6r b\u00e5de operat\u00f6rer och anv\u00e4ndare.<\/p>\n<h3>Varf\u00f6r v\u00e4lja iocharger?<\/h3>\n<p><strong>Service<\/strong>, iocharger erbjuder en p\u00e5litlig, anv\u00e4ndarv\u00e4nlig laddningsl\u00f6sning som \u00e4r kostnadseffektiv och enkel att installera och underh\u00e5lla. Vi erbjuder \u00e4ven kostnadsfri teknisk support och kundservice f\u00f6r att s\u00e4kerst\u00e4lla b\u00e4sta m\u00f6jliga upplevelse f\u00f6r v\u00e5ra kunder.<\/p>\n<p><strong>OCPP<\/strong>, iochargers EV-laddare \u00f6verensst\u00e4mmer helt med Open Charge Point Protocol (OCPP), vilket garanterar interoperabilitet och s\u00f6ml\u00f6s integration med olika OCPP-plattformar.<\/p>\n<p><a href=\"https:\/\/www.iocharger.com\/sv\/iso15118-plug-and-charge\/\"><strong><span style=\"color: #33cccc;\">ISO 15118<\/span><\/strong><\/a>, Denna anv\u00e4ndarv\u00e4nliga funktion m\u00f6jligg\u00f6r omedelbar laddning utan fysisk betalning eller kortautentisering, vilket g\u00f6r upplevelsen smidig och bekv\u00e4m.<\/p>\n<p><strong>Skalbarhet<\/strong>, V\u00e5ra laddare \u00e4r utformade f\u00f6r att v\u00e4xa i takt med dina behov och kan enkelt integreras i din befintliga infrastruktur med minimal st\u00f6rning.<\/p>\n<p><strong>Anv\u00e4ndarv\u00e4nlig<\/strong>, V\u00e5ra laddare \u00e4r utformade med anv\u00e4ndaren i \u00e5tanke och har intuitiva gr\u00e4nssnitt och smarta funktioner f\u00f6r en problemfri laddningsupplevelse.<\/p>\n<p>P\u00e5 iocharger \u00e4r vi engagerade i att leverera p\u00e5litliga l\u00f6sningar som \u00e4r skr\u00e4ddarsydda efter v\u00e5ra kunders olika behov. Vi finns h\u00e4r f\u00f6r att hj\u00e4lpa dig att f\u00f6rb\u00e4ttra tillg\u00e4ngligheten och skalbarheten f\u00f6r dina offentliga laddare.<\/p>","protected":false},"excerpt":{"rendered":"<p>Eftersom efterfr\u00e5gan p\u00e5 laddinfrastruktur f\u00f6r elfordon forts\u00e4tter att \u00f6ka \u00e4r det av st\u00f6rsta vikt att v\u00e4lja effektiva och skalbara l\u00f6sningar. P\u00e5\u2026<\/p>","protected":false},"author":1,"featured_media":6668,"comment_status":"closed","ping_status":"closed","sticky":false,"template":"","format":"standard","meta":{"_acf_changed":false,"footnotes":""},"categories":[113],"tags":[],"class_list":["post-6650","post","type-post","status-publish","format-standard","has-post-thumbnail","hentry","category-ev-charger"],"acf":[],"_links":{"self":[{"href":"https:\/\/www.iocharger.com\/sv\/wp-json\/wp\/v2\/posts\/6650","targetHints":{"allow":["GET"]}}],"collection":[{"href":"https:\/\/www.iocharger.com\/sv\/wp-json\/wp\/v2\/posts"}],"about":[{"href":"https:\/\/www.iocharger.com\/sv\/wp-json\/wp\/v2\/types\/post"}],"author":[{"embeddable":true,"href":"https:\/\/www.iocharger.com\/sv\/wp-json\/wp\/v2\/users\/1"}],"replies":[{"embeddable":true,"href":"https:\/\/www.iocharger.com\/sv\/wp-json\/wp\/v2\/comments?post=6650"}],"version-history":[{"count":0,"href":"https:\/\/www.iocharger.com\/sv\/wp-json\/wp\/v2\/posts\/6650\/revisions"}],"wp:featuredmedia":[{"embeddable":true,"href":"https:\/\/www.iocharger.com\/sv\/wp-json\/wp\/v2\/media\/6668"}],"wp:attachment":[{"href":"https:\/\/www.iocharger.com\/sv\/wp-json\/wp\/v2\/media?parent=6650"}],"wp:term":[{"taxonomy":"category","embeddable":true,"href":"https:\/\/www.iocharger.com\/sv\/wp-json\/wp\/v2\/categories?post=6650"},{"taxonomy":"post_tag","embeddable":true,"href":"https:\/\/www.iocharger.com\/sv\/wp-json\/wp\/v2\/tags?post=6650"}],"curies":[{"name":"wp","href":"https:\/\/api.w.org\/{rel}","templated":true}]}}