{"id":3758,"date":"2023-08-04T10:41:02","date_gmt":"2023-08-04T10:41:02","guid":{"rendered":"https:\/\/www.iocharger.com\/?p=3758"},"modified":"2023-08-04T10:41:02","modified_gmt":"2023-08-04T10:41:02","slug":"major-automakers-unite-for-expansive-ev-charging-network-in-north-america","status":"publish","type":"post","link":"https:\/\/www.iocharger.com\/sv\/major-automakers-unite-for-expansive-ev-charging-network-in-north-america\/","title":{"rendered":"Stora biltillverkare g\u00e5r samman f\u00f6r ett expansivt laddningsn\u00e4tverk f\u00f6r elbilar i Nordamerika"},"content":{"rendered":"<p>Sju stora globala biltillverkare, d\u00e4ribland BMW Group, General Motors, Honda, Hyundai, Kia, Mercedes-Benz och Stellantis, g\u00e5r samman f\u00f6r att skapa ett innovativt joint venture f\u00f6r en ny <span style=\"color: #33cccc;\"><a style=\"color: #33cccc;\" href=\"https:\/\/www.iocharger.com\/sv\/commercial-ev-charging-solutions\/\"><strong>Offentlig laddning av elbilar<\/strong><\/a><\/span> n\u00e4tverk i Nordamerika. Den ambiti\u00f6sa planen syftar till att installera minst 30 000 h\u00f6gpresterande laddstationer i st\u00e4der och l\u00e4ngs motorv\u00e4gar, vilket ger kunder \u00f6ver hela kontinenten bekv\u00e4m tillg\u00e5ng till snabbladdning.<\/p>\n<p>Detta samarbete syftar till att erbjuda en f\u00f6rb\u00e4ttrad kundupplevelse med tillf\u00f6rlitliga, kraftfulla laddningsfunktioner och smidig digital integration. <strong><span style=\"color: #008080;\">laddningsstationer<\/span><\/strong> kommer uteslutande att anv\u00e4nda f\u00f6rnybar energi, i linje med f\u00f6retagens \u00e5tagande om h\u00e5llbarhet.<\/p>\n<p>En sp\u00e4nnande aspekt av detta initiativ \u00e4r att laddstationerna kommer att vara tillg\u00e4ngliga f\u00f6r alla batteridrivna elfordon fr\u00e5n alla biltillverkare, eftersom de kommer att st\u00f6dja b\u00e5de CCS-kontakter (Combined Charging System) och NACS-kontakter (North American Charging Standard). Projektet \u00e4r planerat att starta i USA sommaren 2024, med planer p\u00e5 att senare utvidgas till Kanada.<\/p>\n<p>Strategiska platser f\u00f6r laddstationerna kommer att inkludera storstadsomr\u00e5den, st\u00f6rre motorv\u00e4gar, f\u00f6rbindelsekorridorer och popul\u00e4ra resv\u00e4gar. M\u00e5let \u00e4r att s\u00e4kerst\u00e4lla att det finns en laddstation tillg\u00e4nglig d\u00e4r m\u00e4nniskor bor, arbetar och reser.<\/p>\n<p>Varje laddningsstation kommer att ha flera <span style=\"color: #33cccc;\"><a style=\"color: #33cccc;\" href=\"https:\/\/www.iocharger.com\/sv\/dc-fast-charger\/\"><strong>h\u00f6gpresterande DC-laddare<\/strong><\/a><\/span>\u00a0och, n\u00e4r det \u00e4r m\u00f6jligt, bekv\u00e4mligheter som toaletter, matservering och butiker. Flaggskeppsstationer kan \u00e4ven ha extra bekv\u00e4mligheter som g\u00f6r laddningen bekv\u00e4m och smidig.<\/p>\n<p>S\u00f6ml\u00f6s integration med deltagande biltillverkares upplevelser i fordon och appar kommer att vara ett viktigt fokus, med funktioner som bokningar, intelligent ruttplanering och navigering, betalningsapplikationer och transparent energihantering. N\u00e4tverket kommer ocks\u00e5 att anv\u00e4nda <a href=\"https:\/\/www.iocharger.com\/sv\/iso15118-plug-and-charge\/\"><span style=\"color: #33cccc;\"><strong>Plug &amp; Charge<\/strong><\/span><\/a>\u00a0teknik f\u00f6r att f\u00f6rb\u00e4ttra anv\u00e4ndarv\u00e4nligheten.<\/p>\n<p>Joint venture-bolaget har som m\u00e5l att uppfylla eller \u00f6vertr\u00e4ffa kraven i det amerikanska programmet National Electric Vehicle Infrastructure (NEVI) och str\u00e4var efter att bli det ledande n\u00e4tverket av p\u00e5litliga h\u00f6gkapacitetsladdstationer i Nordamerika.<\/p>\n<p>Med f\u00f6rbeh\u00e5ll f\u00f6r sedvanliga slutvillkor och myndighetsgodk\u00e4nnanden planerar de sju partnerna att bilda joint venture-bolaget senare i \u00e5r. Allteftersom projektet utvecklas kommer fler detaljer, inklusive n\u00e4tverkets namn, att offentligg\u00f6ras. Detta initiativ inneb\u00e4r ett viktigt steg fram\u00e5t i utvecklingen av <span style=\"color: #33cccc;\"><strong>elektrisk mobilitet<\/strong><\/span>\u00a0och <span style=\"color: #33cccc;\"><strong>laddningsinfrastruktur<\/strong> <\/span>i Nordamerika.<\/p>","protected":false},"excerpt":{"rendered":"<p>Sju stora globala biltillverkare, d\u00e4ribland BMW Group, General Motors, Honda, Hyundai, Kia, Mercedes-Benz och Stellantis, g\u00e5r samman...<\/p>","protected":false},"author":1,"featured_media":3759,"comment_status":"closed","ping_status":"closed","sticky":false,"template":"","format":"standard","meta":{"_acf_changed":false,"footnotes":""},"categories":[111],"tags":[],"class_list":["post-3758","post","type-post","status-publish","format-standard","has-post-thumbnail","hentry","category-research"],"acf":[],"_links":{"self":[{"href":"https:\/\/www.iocharger.com\/sv\/wp-json\/wp\/v2\/posts\/3758","targetHints":{"allow":["GET"]}}],"collection":[{"href":"https:\/\/www.iocharger.com\/sv\/wp-json\/wp\/v2\/posts"}],"about":[{"href":"https:\/\/www.iocharger.com\/sv\/wp-json\/wp\/v2\/types\/post"}],"author":[{"embeddable":true,"href":"https:\/\/www.iocharger.com\/sv\/wp-json\/wp\/v2\/users\/1"}],"replies":[{"embeddable":true,"href":"https:\/\/www.iocharger.com\/sv\/wp-json\/wp\/v2\/comments?post=3758"}],"version-history":[{"count":0,"href":"https:\/\/www.iocharger.com\/sv\/wp-json\/wp\/v2\/posts\/3758\/revisions"}],"wp:featuredmedia":[{"embeddable":true,"href":"https:\/\/www.iocharger.com\/sv\/wp-json\/wp\/v2\/media\/3759"}],"wp:attachment":[{"href":"https:\/\/www.iocharger.com\/sv\/wp-json\/wp\/v2\/media?parent=3758"}],"wp:term":[{"taxonomy":"category","embeddable":true,"href":"https:\/\/www.iocharger.com\/sv\/wp-json\/wp\/v2\/categories?post=3758"},{"taxonomy":"post_tag","embeddable":true,"href":"https:\/\/www.iocharger.com\/sv\/wp-json\/wp\/v2\/tags?post=3758"}],"curies":[{"name":"wp","href":"https:\/\/api.w.org\/{rel}","templated":true}]}}