{"id":2590,"date":"2023-04-25T07:56:48","date_gmt":"2023-04-25T07:56:48","guid":{"rendered":"https:\/\/test2.honstyle.com\/?p=2590"},"modified":"2023-04-25T07:56:48","modified_gmt":"2023-04-25T07:56:48","slug":"eu-needs-1-million-ev-charging-points-by-2024","status":"publish","type":"post","link":"https:\/\/www.iocharger.com\/sv\/eu-needs-1-million-ev-charging-points-by-2024\/","title":{"rendered":"EU beh\u00f6ver 1 miljon laddstationer f\u00f6r elfordon senast 2024"},"content":{"rendered":"<p align=\"justify\">Elbilar har gjort ett stort spr\u00e5ng fram\u00e5t i m\u00e5nga l\u00e4nder. Nu \u00e4r det allt fler som v\u00e4ljer att k\u00f6pa elbil. Branschstatistik visar att EU hade 224 538 offentliga laddstationer \u00e5r 2020. Mot denna bakgrund har biltillverkare, milj\u00f6aktivister och konsumentorganisationer uppmanat EU:s kommission\u00e4rer f\u00f6r klimat, transport, industri och energi att fastst\u00e4lla ett tillv\u00e4xtm\u00e5l. Detta kommer att kr\u00e4va ett visst antal offentliga laddstationer i varje land.<\/p>\n<p align=\"justify\">Den totala efterfr\u00e5gan uppskattas till 1 miljon offentliga laddningsstationer \u00e5r 2024 och 3 miljoner \u00e5r 2029 i EU. M\u00e5len kommer att f\u00f6rdelas med hj\u00e4lp av en formel f\u00f6r att ber\u00e4kna hur m\u00e5nga offentliga laddningsstationer som ska installeras i varje land. Ber\u00e4kningen baseras p\u00e5 enkla faktorer, s\u00e5som hur m\u00e5nga privata laddningsstationer som finns tillg\u00e4ngliga idag.<\/p>\n<p class=\"\" align=\"justify\">I ett gemensamt brev tillsammans med konsument- och h\u00e5llbara transportgrupper meddelade ACEA EU-kommissionen att fasta m\u00e5l ocks\u00e5 skulle hj\u00e4lpa biltillverkare och eln\u00e4tsoperat\u00f6rer, eftersom utbyggnaden av offentliga laddstationer, som komplement till laddning p\u00e5 arbetsplatsen och hemma, har g\u00e5tt l\u00e5ngsamt och det finns flera olika tariffer och betalningsmetoder.<\/p>","protected":false},"excerpt":{"rendered":"<p>Elbilar har gjort ett stort spr\u00e5ng fram\u00e5t i m\u00e5nga l\u00e4nder. Nu \u00e4r det allt fler som v\u00e4ljer att k\u00f6pa elbilar. Industrin...<\/p>","protected":false},"author":1,"featured_media":2591,"comment_status":"closed","ping_status":"closed","sticky":false,"template":"","format":"standard","meta":{"_acf_changed":false,"footnotes":""},"categories":[113],"tags":[143,144,145],"class_list":["post-2590","post","type-post","status-publish","format-standard","has-post-thumbnail","hentry","category-ev-charger","tag-carmakers-and-power-grid-operators","tag-public-ev-charging-points","tag-workplace-and-home-charging"],"acf":[],"_links":{"self":[{"href":"https:\/\/www.iocharger.com\/sv\/wp-json\/wp\/v2\/posts\/2590","targetHints":{"allow":["GET"]}}],"collection":[{"href":"https:\/\/www.iocharger.com\/sv\/wp-json\/wp\/v2\/posts"}],"about":[{"href":"https:\/\/www.iocharger.com\/sv\/wp-json\/wp\/v2\/types\/post"}],"author":[{"embeddable":true,"href":"https:\/\/www.iocharger.com\/sv\/wp-json\/wp\/v2\/users\/1"}],"replies":[{"embeddable":true,"href":"https:\/\/www.iocharger.com\/sv\/wp-json\/wp\/v2\/comments?post=2590"}],"version-history":[{"count":0,"href":"https:\/\/www.iocharger.com\/sv\/wp-json\/wp\/v2\/posts\/2590\/revisions"}],"wp:featuredmedia":[{"embeddable":true,"href":"https:\/\/www.iocharger.com\/sv\/wp-json\/wp\/v2\/media\/2591"}],"wp:attachment":[{"href":"https:\/\/www.iocharger.com\/sv\/wp-json\/wp\/v2\/media?parent=2590"}],"wp:term":[{"taxonomy":"category","embeddable":true,"href":"https:\/\/www.iocharger.com\/sv\/wp-json\/wp\/v2\/categories?post=2590"},{"taxonomy":"post_tag","embeddable":true,"href":"https:\/\/www.iocharger.com\/sv\/wp-json\/wp\/v2\/tags?post=2590"}],"curies":[{"name":"wp","href":"https:\/\/api.w.org\/{rel}","templated":true}]}}