{"id":2563,"date":"2023-02-16T07:29:27","date_gmt":"2023-02-16T07:29:27","guid":{"rendered":"https:\/\/test2.honstyle.com\/?p=2563"},"modified":"2023-02-16T07:29:27","modified_gmt":"2023-02-16T07:29:27","slug":"eu-parliament-approves-ban-on-sales-of-petrol-and-diesel-cars-by-2035","status":"publish","type":"post","link":"https:\/\/www.iocharger.com\/sv\/eu-parliament-approves-ban-on-sales-of-petrol-and-diesel-cars-by-2035\/","title":{"rendered":"EU-parlamentet godk\u00e4nner f\u00f6rbud mot f\u00f6rs\u00e4ljning av bensin- och dieselbilar fr\u00e5n 2035"},"content":{"rendered":"<p>Europaparlamentet godk\u00e4nde formellt en ny lag p\u00e5 tisdagen (14 februari) om att f\u00f6rbjuda f\u00f6rs\u00e4ljning av nya bensin- och dieselbilar i Europa fr\u00e5n och med 2035, i ett steg som p\u00e5skyndar \u00f6verg\u00e5ngen till elfordon och bek\u00e4mpar klimatf\u00f6r\u00e4ndringarna.<\/p>\n<p>Med 340 r\u00f6ster f\u00f6r, 279 emot och 21 nedlagda r\u00f6ster antogs f\u00f6rordningen av Europaparlamentet. \u201cDenna f\u00f6rordning uppmuntrar till produktion av utsl\u00e4ppsfria och utsl\u00e4ppssn\u00e5la fordon. Den inneh\u00e5ller en ambiti\u00f6s revidering av m\u00e5len f\u00f6r 2030 och ett utsl\u00e4ppsfritt m\u00e5l f\u00f6r 2035, vilket \u00e4r avg\u00f6rande f\u00f6r att uppn\u00e5 klimatneutralitet senast 2050\u201d, sade Jan Huitema, parlamentets huvudf\u00f6rhandlare f\u00f6r reglerna.<\/p>\n<p>Enligt de nya reglerna m\u00e5ste koldioxidutsl\u00e4ppen fr\u00e5n nya bilar och sk\u00e5pbilar minskas med 55% respektive 50% j\u00e4mf\u00f6rt med 2021, vilket \u00e4r betydligt h\u00f6gre \u00e4n det nuvarande m\u00e5let p\u00e5 37,5%. Senast 2035 m\u00e5ste biltillverkarna uppn\u00e5 en minskning av koldioxidutsl\u00e4ppen fr\u00e5n nya bilar med 100%, vilket inneb\u00e4r att inga nya fossildrivna fordon f\u00e5r s\u00e4ljas i den 27 l\u00e4nder stora unionen. Baserat p\u00e5 den 15-\u00e5riga livsl\u00e4ngden f\u00f6r vanliga hush\u00e5llsfordon kan man dra slutsatsen att Europeiska unionen faktiskt kommer att uppn\u00e5 klimatneutralitet senast 2050.<\/p>\n<p>Det rapporteras att f\u00f6rslaget i n\u00e4sta steg kommer att godk\u00e4nnas formellt av Europeiska r\u00e5det och slutligen genomf\u00f6ras.<\/p>\n<p>F\u00f6r att lyckas elektrifiera sektorn m\u00e5ste EU g\u00f6ra stora investeringar i att fr\u00e4mja f\u00f6rs\u00e4ljningen av elfordon, utveckla f\u00f6rnybar energi, garantera tillg\u00e5ngen till r\u00e5varor och bygga upp ett effektivt laddningssystem.<\/p>","protected":false},"excerpt":{"rendered":"<p>Europaparlamentet godk\u00e4nde formellt en ny lag p\u00e5 tisdagen (14 februari) om f\u00f6rbud mot f\u00f6rs\u00e4ljning av nya...<\/p>","protected":false},"author":1,"featured_media":2564,"comment_status":"closed","ping_status":"closed","sticky":false,"template":"","format":"standard","meta":{"_acf_changed":false,"footnotes":""},"categories":[111],"tags":[],"class_list":["post-2563","post","type-post","status-publish","format-standard","has-post-thumbnail","hentry","category-research"],"acf":[],"_links":{"self":[{"href":"https:\/\/www.iocharger.com\/sv\/wp-json\/wp\/v2\/posts\/2563","targetHints":{"allow":["GET"]}}],"collection":[{"href":"https:\/\/www.iocharger.com\/sv\/wp-json\/wp\/v2\/posts"}],"about":[{"href":"https:\/\/www.iocharger.com\/sv\/wp-json\/wp\/v2\/types\/post"}],"author":[{"embeddable":true,"href":"https:\/\/www.iocharger.com\/sv\/wp-json\/wp\/v2\/users\/1"}],"replies":[{"embeddable":true,"href":"https:\/\/www.iocharger.com\/sv\/wp-json\/wp\/v2\/comments?post=2563"}],"version-history":[{"count":0,"href":"https:\/\/www.iocharger.com\/sv\/wp-json\/wp\/v2\/posts\/2563\/revisions"}],"wp:featuredmedia":[{"embeddable":true,"href":"https:\/\/www.iocharger.com\/sv\/wp-json\/wp\/v2\/media\/2564"}],"wp:attachment":[{"href":"https:\/\/www.iocharger.com\/sv\/wp-json\/wp\/v2\/media?parent=2563"}],"wp:term":[{"taxonomy":"category","embeddable":true,"href":"https:\/\/www.iocharger.com\/sv\/wp-json\/wp\/v2\/categories?post=2563"},{"taxonomy":"post_tag","embeddable":true,"href":"https:\/\/www.iocharger.com\/sv\/wp-json\/wp\/v2\/tags?post=2563"}],"curies":[{"name":"wp","href":"https:\/\/api.w.org\/{rel}","templated":true}]}}