{"id":8852,"date":"2025-11-27T20:14:00","date_gmt":"2025-11-27T20:14:00","guid":{"rendered":"https:\/\/www.jinghuaceramic.com\/?p=8852"},"modified":"2025-12-24T01:00:00","modified_gmt":"2025-12-24T01:00:00","slug":"v2g-becomes-viable-in-germany","status":"publish","type":"post","link":"https:\/\/www.iocharger.com\/pt\/v2g-becomes-viable-in-germany\/","title":{"rendered":"V2G torna-se vi\u00e1vel na Alemanha: como o Iocharger impulsiona a pr\u00f3xima vaga de energia inteligente"},"content":{"rendered":"<p>A Alemanha deu um passo decisivo para permitir a ado\u00e7\u00e3o em larga escala do carregamento bidirecional.<br>De acordo com uma reportagem recente do site electrive.net, o Bundestag alem\u00e3o aprovou uma emenda importante \u00e0 legisla\u00e7\u00e3o nacional sobre energia, eliminando a t\u00e3o criticada taxa dupla aplicada quando a energia era retirada da rede, armazenada e posteriormente devolvida \u00e0 mesma.<br>Esta mudan\u00e7a de pol\u00edtica altera fundamentalmente a economia da tecnologia Vehicle-to-Grid (V2G).<\/p>\n\n\n\n<h3 class=\"wp-block-heading\">Com a elimina\u00e7\u00e3o da dupla cobran\u00e7a, o V2G est\u00e1 a passar de experimental para comercialmente vi\u00e1vel.<\/h3>\n\n\n\n<p>Este \u00e9 um dos marcos mais significativos dos \u00faltimos anos para os setores de carregamento de ve\u00edculos el\u00e9tricos e energia inteligente na Europa.<\/p>\n\n\n\n<h3 class=\"wp-block-heading\">Por que esta pol\u00edtica \u00e9 importante: o valor do carregamento bidirecional<\/h3>\n\n\n\n<p>O carregamento bidirecional permite que os ve\u00edculos el\u00e9tricos n\u00e3o apenas recebam energia da rede, mas tamb\u00e9m a forne\u00e7am de volta para resid\u00eancias (V2H), edif\u00edcios (V2B), microrredes e a rede p\u00fablica (V2G).<br>Essa capacidade desempenha um papel estrat\u00e9gico no futuro dos sistemas energ\u00e9ticos:<\/p>\n\n\n\n<ul class=\"wp-block-list\">\n<li>Estabilidade da rede e gest\u00e3o de picos de carga<\/li>\n\n\n\n<li>Os ve\u00edculos el\u00e9tricos como armazenamento de energia flex\u00edvel e m\u00f3vel<\/li>\n\n\n\n<li>Maior utiliza\u00e7\u00e3o de energia renov\u00e1vel<\/li>\n\n\n\n<li>Novas oportunidades de receita para operadores e propriet\u00e1rios de ve\u00edculos el\u00e9tricos<\/li>\n<\/ul>\n\n\n\n<p>At\u00e9 agora, as barreiras regulat\u00f3rias impediam que o V2G alcan\u00e7asse uma escala significativa.<br>A \u00faltima decis\u00e3o da Alemanha elimina o obst\u00e1culo financeiro mais significativo.<\/p>\n\n\n\n<h3 class=\"wp-block-heading\">Implica\u00e7\u00f5es para o panorama europeu dos ve\u00edculos el\u00e9tricos e da energia<\/h3>\n\n\n\n<p>O impacto ser\u00e1 de grande alcance nos setores da mobilidade e da eletricidade:<\/p>\n\n\n\n<h4 class=\"wp-block-heading\">1. Crescente procura por infraestruturas de carregamento preparadas para V2G<\/h4>\n\n\n\n<p>Os operadores ir\u00e3o cada vez mais implementar hardware capaz de carregar e descarregar de forma controlada.<\/p>\n\n\n\n<h4 class=\"wp-block-heading\">2. Forte ado\u00e7\u00e3o por frotas e mercados residenciais<\/h4>\n\n\n\n<p>O V2H e o V2B tornar-se-\u00e3o mais pr\u00e1ticos \u00e0 medida que os ve\u00edculos el\u00e9tricos forem sendo integrados nos sistemas energ\u00e9ticos dom\u00e9sticos e dos edif\u00edcios.<\/p>\n\n\n\n<h4 class=\"wp-block-heading\">3. Os ve\u00edculos el\u00e9tricos tornam-se componentes ativos da rede inteligente<\/h4>\n\n\n\n<p>O carregamento bidirecional influenciar\u00e1 o planeamento energ\u00e9tico, a flexibilidade da rede e o desenho do mercado.<br>A decis\u00e3o da Alemanha \u00e9 amplamente considerada como o catalisador do ciclo de comercializa\u00e7\u00e3o do V2G na Europa.<\/p>\n\n\n\n<h3 class=\"wp-block-heading\">Iocharger: Totalmente preparado para o futuro V2G<\/h3>\n\n\n\n<p>Na Iocharger, h\u00e1 muito que antecipamos o aumento da popularidade do carregamento bidirecional.<br>A nossa pilha de hardware e software foi projetada para ser totalmente compat\u00edvel com <a href=\"https:\/\/www.iocharger.com\/pt\/iso15118-plug-and-charge\/\" target=\"_blank\" rel=\"noreferrer noopener\"><mark style=\"background-color:rgba(0, 0, 0, 0);color:#33cccc\" class=\"has-inline-color\">ISO 15118-20<\/mark><\/a>, opera\u00e7\u00f5es V2G, troca segura de dados e gest\u00e3o inteligente de energia.<\/p>\n\n\n\n<p>Abaixo est\u00e1 uma vis\u00e3o geral concisa do nosso portf\u00f3lio pronto para V2G.<\/p>\n\n\n\n<p>Carregadores AC V2G (dom\u00e9sticos e comerciais)<\/p>\n\n\n\n<figure class=\"wp-block-image size-full\"><a href=\"https:\/\/www.iocharger.com\/pt\/level-2-7kw-22kw-ocpp-1-6j-ocpp-2-0-1-smart-fast-home-ev-charger\/\" target=\"_blank\" rel=\" noreferrer noopener\"><img fetchpriority=\"high\" decoding=\"async\" width=\"750\" height=\"600\" src=\"https:\/\/www.iocharger.com\/wp-content\/uploads\/2025\/12\/EV-Charger-Troubleshooting.jpg\" alt=\"\" class=\"wp-image-8854\" srcset=\"https:\/\/www.iocharger.com\/wp-content\/uploads\/2025\/12\/EV-Charger-Troubleshooting.jpg 750w, https:\/\/www.iocharger.com\/wp-content\/uploads\/2025\/12\/EV-Charger-Troubleshooting-300x240.jpg 300w, https:\/\/www.iocharger.com\/wp-content\/uploads\/2025\/12\/EV-Charger-Troubleshooting-285x228.jpg 285w, https:\/\/www.iocharger.com\/wp-content\/uploads\/2025\/12\/EV-Charger-Troubleshooting-660x528.jpg 660w, https:\/\/www.iocharger.com\/wp-content\/uploads\/2025\/12\/EV-Charger-Troubleshooting-150x120.jpg 150w\" sizes=\"(max-width: 750px) 100vw, 750px\" \/><\/a><\/figure>\n\n\n\n<ul class=\"wp-block-list\">\n<li>Em conformidade com a norma ISO 15118-20, incluindo funcionalidade V2G completa<\/li>\n\n\n\n<li><a href=\"https:\/\/www.iocharger.com\/pt\/ev-charging\/\" target=\"_blank\" rel=\"noreferrer noopener\"><mark style=\"background-color:rgba(0, 0, 0, 0);color:#33cccc\" class=\"has-inline-color\">OCPP 2.0.1<\/mark><\/a>\u00a0apoio<\/li>\n\n\n\n<li>Agendamento inteligente e gest\u00e3o din\u00e2mica de carga<\/li>\n\n\n\n<li>Dispon\u00edvel nas vers\u00f5es monof\u00e1sica e trif\u00e1sica<\/li>\n\n\n\n<li>Ideal para resid\u00eancias, apartamentos, locais de trabalho e estabelecimentos comerciais<\/li>\n<\/ul>\n\n\n\n<p>Otimizado para mercados que adotam V2H e V2G, como a Alemanha e os pa\u00edses n\u00f3rdicos.<\/p>\n\n\n\n<h3 class=\"wp-block-heading\">Sistema de Gest\u00e3o de Energia (EMS)<\/h3>\n\n\n\n<p>O nosso EMS aumenta o valor do V2G atrav\u00e9s do controlo inteligente:<\/p>\n\n\n\n<ul class=\"wp-block-list\">\n<li>Gest\u00e3o de carregamento e descarregamento em tempo real<\/li>\n\n\n\n<li>Agendamento V2G otimizado com base nas tarifas e nas condi\u00e7\u00f5es da rede<\/li>\n\n\n\n<li>Redu\u00e7\u00e3o de picos e equil\u00edbrio de carga<\/li>\n\n\n\n<li>Controlo coordenado entre v\u00e1rios carregadores AC V2G<\/li>\n<\/ul>\n\n\n\n<p>Concebido para operadores, servi\u00e7os p\u00fablicos, promotores imobili\u00e1rios e parceiros energ\u00e9ticos.<\/p>\n\n\n\n<h3 class=\"wp-block-heading\">Por que os profissionais da \u00e1rea de energia escolhem a Iocharger<\/h3>\n\n\n\n<ul class=\"wp-block-list\">\n<li>Hardware com certifica\u00e7\u00e3o europeia para implanta\u00e7\u00e3o a longo prazo<\/li>\n\n\n\n<li>Implementa\u00e7\u00e3o avan\u00e7ada da norma ISO15118-20, Plug&amp;Charge<\/li>\n\n\n\n<li>Ecossistema unificado de hardware e software para integra\u00e7\u00e3o simplificada<\/li>\n\n\n\n<li>Arquitetura flex\u00edvel para fornecedores de energia e aplica\u00e7\u00f5es de redes inteligentes<\/li>\n<\/ul>\n\n\n\n<h3 class=\"wp-block-heading\">A era V2G come\u00e7ou oficialmente<\/h3>\n\n\n\n<p>A reforma pol\u00edtica da Alemanha marca um ponto de viragem para os setores europeus de ve\u00edculos el\u00e9tricos e energia.<br>A transi\u00e7\u00e3o do carregamento unidirecional para sistemas de energia totalmente interativos e distribu\u00eddos est\u00e1 agora a acelerar.<br>Na Iocharger, estamos empenhados em possibilitar essa transforma\u00e7\u00e3o com hardware confi\u00e1vel, software inteligente e arquitetura baseada em padr\u00f5es que suportam o r\u00e1pido crescimento do carregamento bidirecional em toda a Europa.<br>O futuro da energia \u00e9 bidirecional \u2013 e a Iocharger est\u00e1 pronta para liderar o caminho.<\/p>\n\n\n\n<p><\/p>","protected":false},"excerpt":{"rendered":"<p>A Alemanha deu um passo decisivo para permitir a ado\u00e7\u00e3o em larga escala do carregamento bidirecional...<\/p>","protected":false},"author":1,"featured_media":8853,"comment_status":"closed","ping_status":"closed","sticky":false,"template":"","format":"standard","meta":{"_acf_changed":false,"footnotes":""},"categories":[151],"tags":[354,353,352],"class_list":["post-8852","post","type-post","status-publish","format-standard","has-post-thumbnail","hentry","category-ev-energy","tag-iocharger-v2g-ev-charger","tag-v2g-becomes-viable-in-germany","tag-v2g-germany"],"acf":[],"_links":{"self":[{"href":"https:\/\/www.iocharger.com\/pt\/wp-json\/wp\/v2\/posts\/8852","targetHints":{"allow":["GET"]}}],"collection":[{"href":"https:\/\/www.iocharger.com\/pt\/wp-json\/wp\/v2\/posts"}],"about":[{"href":"https:\/\/www.iocharger.com\/pt\/wp-json\/wp\/v2\/types\/post"}],"author":[{"embeddable":true,"href":"https:\/\/www.iocharger.com\/pt\/wp-json\/wp\/v2\/users\/1"}],"replies":[{"embeddable":true,"href":"https:\/\/www.iocharger.com\/pt\/wp-json\/wp\/v2\/comments?post=8852"}],"version-history":[{"count":0,"href":"https:\/\/www.iocharger.com\/pt\/wp-json\/wp\/v2\/posts\/8852\/revisions"}],"wp:featuredmedia":[{"embeddable":true,"href":"https:\/\/www.iocharger.com\/pt\/wp-json\/wp\/v2\/media\/8853"}],"wp:attachment":[{"href":"https:\/\/www.iocharger.com\/pt\/wp-json\/wp\/v2\/media?parent=8852"}],"wp:term":[{"taxonomy":"category","embeddable":true,"href":"https:\/\/www.iocharger.com\/pt\/wp-json\/wp\/v2\/categories?post=8852"},{"taxonomy":"post_tag","embeddable":true,"href":"https:\/\/www.iocharger.com\/pt\/wp-json\/wp\/v2\/tags?post=8852"}],"curies":[{"name":"wp","href":"https:\/\/api.w.org\/{rel}","templated":true}]}}