{"id":8503,"date":"2025-10-21T21:12:00","date_gmt":"2025-10-21T21:12:00","guid":{"rendered":"https:\/\/www.jinghuaceramic.com\/?p=8503"},"modified":"2025-11-25T08:11:19","modified_gmt":"2025-11-25T08:11:19","slug":"emergency-ev-charging-what-to-do-when-youre-stranded","status":"publish","type":"post","link":"https:\/\/www.iocharger.com\/pt\/emergency-ev-charging-what-to-do-when-youre-stranded\/","title":{"rendered":"Carregamento de emerg\u00eancia de ve\u00edculos el\u00e9ctricos: O que fazer quando se fica retido"},"content":{"rendered":"<p>Imagine o seguinte. Est\u00e1 a fazer uma bela viagem pela Europa. A paisagem \u00e9 deslumbrante. De repente, uma luz de aviso acende-se no painel do carro. A bateria do seu ve\u00edculo el\u00e9trico est\u00e1 quase a acabar. A pr\u00f3xima esta\u00e7\u00e3o de carregamento fica a quil\u00f3metros de dist\u00e2ncia. O seu cora\u00e7\u00e3o afunda-se. Este cen\u00e1rio \u00e9 um verdadeiro pesadelo para muitos condutores. Mas n\u00e3o entre em p\u00e2nico. As solu\u00e7\u00f5es de carregamento de emerg\u00eancia para ve\u00edculos el\u00e9tricos est\u00e3o a transformar este potencial pesadelo num pequeno inconveniente. Vamos conhecer o carregador m\u00f3vel para ve\u00edculos el\u00e9tricos!<\/p>\n\n\n\n<p>Pode obter uma carga r\u00e1pida e potente exatamente onde est\u00e1 preso, em vez de chamar um reboque. Trata-se de carregamento de emerg\u00eancia para ve\u00edculos el\u00e9tricos, e est\u00e1 a mudar o jogo da mobilidade el\u00e9trica.<\/p>\n\n\n\n<h3 class=\"wp-block-heading\">Primeiro passo numa emerg\u00eancia de bateria fraca<\/h3>\n\n\n\n<p>Primeiro, mantenha a calma. Encoste o carro num local seguro. Ligue as luzes de emerg\u00eancia. Use o sistema de navega\u00e7\u00e3o ou um aplicativo para localizar o ponto de carregamento mais pr\u00f3ximo. Avalie se tem autonomia suficiente para chegar at\u00e9 l\u00e1. Se n\u00e3o for poss\u00edvel, \u00e9 hora do plano B.<\/p>\n\n\n\n<p>A assist\u00eancia rodovi\u00e1ria tradicional geralmente significa um reboque lento at\u00e9 a esta\u00e7\u00e3o de carregamento mais pr\u00f3xima. Isso desperdi\u00e7a horas do seu dia e tamb\u00e9m custa dinheiro. Existe uma maneira mais inteligente e r\u00e1pida: o carregador m\u00f3vel para ve\u00edculos el\u00e9tricos.<\/p>\n\n\n\n<h3 class=\"wp-block-heading\">A revolu\u00e7\u00e3o do carregador m\u00f3vel para ve\u00edculos el\u00e9tricos<\/h3>\n\n\n\n<p>Um carregador m\u00f3vel para ve\u00edculos el\u00e9tricos \u00e9 exatamente o que o nome indica: um carregador r\u00e1pido DC compacto e potente sobre rodas. Os prestadores de servi\u00e7os podem instalar essas unidades diretamente em qualquer local. Semelhante \u00e0 assist\u00eancia rodovi\u00e1ria, um carregador m\u00f3vel para ve\u00edculos el\u00e9tricos chega para dar ao seu carro um r\u00e1pido refor\u00e7o de energia, em vez de um reboque.<\/p>\n\n\n\n<p>Este servi\u00e7o est\u00e1 a crescer rapidamente em toda a Europa. \u00c9 perfeito para \u00e1reas urbanas onde o estacionamento \u00e9 escasso. \u00c9 essencial para regi\u00f5es remotas com infraestrutura de carregamento escassa. Poupa-lhe tempo e permite-lhe voltar rapidamente \u00e0 estrada.<\/p>\n\n\n\n<h3 class=\"wp-block-heading\">Por que a s\u00e9rie Iocharger Mobile \u00e9 a sua melhor aposta<\/h3>\n\n\n\n<p>Nem todos os carregadores m\u00f3veis s\u00e3o iguais. A Iocharger tem como objetivo fornecer um produto potente, fi\u00e1vel e vers\u00e1til.<\/p>\n\n\n\n<p>Os modelos de 30 kW e 40 kW oferecem uma pot\u00eancia incr\u00edvel. Eles podem fornecer uma carga significativa em apenas alguns minutos, n\u00e3o horas. Essa velocidade \u00e9 crucial em uma situa\u00e7\u00e3o de emerg\u00eancia. Voc\u00ea n\u00e3o fica apenas \u00e0 espera. Voc\u00ea obt\u00e9m um aumento substancial na autonomia rapidamente.<\/p>\n\n\n\n<figure class=\"wp-block-image size-full is-resized\"><a href=\"https:\/\/www.iocharger.com\/pt\/movable-ev-charger-30kw-40kw-dc-fast-charger\/\" target=\"_blank\" rel=\" noreferrer noopener\"><img fetchpriority=\"high\" decoding=\"async\" width=\"660\" height=\"660\" src=\"https:\/\/www.iocharger.com\/wp-content\/uploads\/2025\/10\/mobile-dc-fast-charger-1-660x660-1.webp\" alt=\"\" class=\"wp-image-8506\" style=\"width:840px;height:auto\" srcset=\"https:\/\/www.iocharger.com\/wp-content\/uploads\/2025\/10\/mobile-dc-fast-charger-1-660x660-1.webp 660w, https:\/\/www.iocharger.com\/wp-content\/uploads\/2025\/10\/mobile-dc-fast-charger-1-660x660-1-300x300.webp 300w, https:\/\/www.iocharger.com\/wp-content\/uploads\/2025\/10\/mobile-dc-fast-charger-1-660x660-1-150x150.webp 150w, https:\/\/www.iocharger.com\/wp-content\/uploads\/2025\/10\/mobile-dc-fast-charger-1-660x660-1-285x285.webp 285w, https:\/\/www.iocharger.com\/wp-content\/uploads\/2025\/10\/mobile-dc-fast-charger-1-660x660-1-270x270.webp 270w, https:\/\/www.iocharger.com\/wp-content\/uploads\/2025\/10\/mobile-dc-fast-charger-1-660x660-1-540x540.webp 540w\" sizes=\"(max-width: 660px) 100vw, 660px\" \/><\/a><\/figure>\n\n\n\n<h3 class=\"wp-block-heading\">Principais caracter\u00edsticas que fazem a diferen\u00e7a<\/h3>\n\n\n\n<p>O que realmente diferencia o Iocharger s\u00e3o as suas caracter\u00edsticas de design inteligente. Ele foi concebido para o mundo real.<\/p>\n\n\n\n<ul class=\"wp-block-list\">\n<li><strong>Resili\u00eancia em todas as condi\u00e7\u00f5es meteorol\u00f3gicas<\/strong>O clima europeu \u00e9 imprevis\u00edvel. O carregador m\u00f3vel para ve\u00edculos el\u00e9tricos funciona perfeitamente entre -22 \u00b0F e 122 \u00b0F (-30 \u00b0C e 50 \u00b0C). Fa\u00e7a chuva ou fa\u00e7a sol, o carregamento est\u00e1 garantido.<\/li>\n\n\n\n<li><strong>Compacto e manobr\u00e1vel<\/strong>: O seu tamanho compacto e rodas robustas facilitam o transporte e o posicionamento em espa\u00e7os apertados. Uma carrinha de servi\u00e7o pode transport\u00e1-lo para qualquer lugar onde precise de ajuda.<\/li>\n\n\n\n<li><strong>Compatibilidade universal<\/strong>: O conector CCS, CHAdeMO ou GB\/T \u00e9 opcional. Isto significa que pode carregar praticamente qualquer ve\u00edculo el\u00e9trico atualmente dispon\u00edvel no mercado europeu. Nunca ter\u00e1 de se preocupar com a compatibilidade.<\/li>\n\n\n\n<li><strong>Robusto e fi\u00e1vel<\/strong>Este carregador foi concebido para resistir aos rigores do uso di\u00e1rio de dispositivos m\u00f3veis. A sua durabilidade garante que a ajuda estar\u00e1 sempre dispon\u00edvel quando mais precisar.<\/li>\n\n\n\n<li><strong>Para al\u00e9m das emerg\u00eancias<\/strong>: O poder do carregamento sob demanda<\/li>\n<\/ul>\n\n\n\n<p>O valor de um carregador m\u00f3vel para ve\u00edculos el\u00e9tricos vai al\u00e9m das emerg\u00eancias na estrada. Imagine organizar um evento corporativo ou um festival. Pode oferecer carregamento premium para ve\u00edculos el\u00e9tricos como um servi\u00e7o aos seus convidados. Os operadores de frotas podem us\u00e1-los para carregamento flex\u00edvel em dep\u00f3sitos, sem precisar de atualiza\u00e7\u00f5es caras na infraestrutura. As aplica\u00e7\u00f5es s\u00e3o infinitas.<\/p>\n\n\n\n<p>Esta tecnologia transforma toda a experi\u00eancia de possuir um ve\u00edculo el\u00e9trico. Elimina a ansiedade relacionada com a autonomia. Proporciona uma rede de seguran\u00e7a crucial para todos os condutores.<\/p>\n\n\n\n<h3 class=\"wp-block-heading\">Esteja preparado para o futuro da mobilidade<\/h3>\n\n\n\n<p>Da pr\u00f3xima vez que planear uma viagem, lembre-se de que a assist\u00eancia \u00e9 m\u00f3vel. O futuro da assist\u00eancia a ve\u00edculos el\u00e9tricos n\u00e3o \u00e9 uma esta\u00e7\u00e3o fixa num mapa. \u00c9 um servi\u00e7o din\u00e2mico e sob demanda que vai at\u00e9 si.<\/p>\n\n\n\n<p>O carregador m\u00f3vel para ve\u00edculos el\u00e9tricos Iocharger oferece uma solu\u00e7\u00e3o confi\u00e1vel, potente e inteligente para motoristas e prestadores de servi\u00e7os. Certifique-se de que o seu prestador de assist\u00eancia rodovi\u00e1ria tenha parceria com l\u00edderes como a Iocharger. Dirija com confian\u00e7a, sabendo que um carregamento r\u00e1pido est\u00e1 sempre ao seu alcance.<\/p>","protected":false},"excerpt":{"rendered":"<p>Imagine o seguinte. Est\u00e1 numa bela viagem pela Europa. A paisagem \u00e9 deslumbrante. Ent\u00e3o, uma luz de aviso acende-se...<\/p>","protected":false},"author":1,"featured_media":8505,"comment_status":"closed","ping_status":"closed","sticky":false,"template":"","format":"standard","meta":{"_acf_changed":false,"footnotes":""},"categories":[113],"tags":[337,338,339,340,341],"class_list":["post-8503","post","type-post","status-publish","format-standard","has-post-thumbnail","hentry","category-ev-charger","tag-emergency-ev-charging","tag-mobile-ev-charger","tag-movable-ev-charger","tag-on-demand-ev-charging","tag-portable-ev-charger"],"acf":[],"_links":{"self":[{"href":"https:\/\/www.iocharger.com\/pt\/wp-json\/wp\/v2\/posts\/8503","targetHints":{"allow":["GET"]}}],"collection":[{"href":"https:\/\/www.iocharger.com\/pt\/wp-json\/wp\/v2\/posts"}],"about":[{"href":"https:\/\/www.iocharger.com\/pt\/wp-json\/wp\/v2\/types\/post"}],"author":[{"embeddable":true,"href":"https:\/\/www.iocharger.com\/pt\/wp-json\/wp\/v2\/users\/1"}],"replies":[{"embeddable":true,"href":"https:\/\/www.iocharger.com\/pt\/wp-json\/wp\/v2\/comments?post=8503"}],"version-history":[{"count":0,"href":"https:\/\/www.iocharger.com\/pt\/wp-json\/wp\/v2\/posts\/8503\/revisions"}],"wp:featuredmedia":[{"embeddable":true,"href":"https:\/\/www.iocharger.com\/pt\/wp-json\/wp\/v2\/media\/8505"}],"wp:attachment":[{"href":"https:\/\/www.iocharger.com\/pt\/wp-json\/wp\/v2\/media?parent=8503"}],"wp:term":[{"taxonomy":"category","embeddable":true,"href":"https:\/\/www.iocharger.com\/pt\/wp-json\/wp\/v2\/categories?post=8503"},{"taxonomy":"post_tag","embeddable":true,"href":"https:\/\/www.iocharger.com\/pt\/wp-json\/wp\/v2\/tags?post=8503"}],"curies":[{"name":"wp","href":"https:\/\/api.w.org\/{rel}","templated":true}]}}