{"id":8469,"date":"2025-07-31T17:32:00","date_gmt":"2025-07-31T17:32:00","guid":{"rendered":"https:\/\/www.jinghuaceramic.com\/?p=8469"},"modified":"2025-11-25T08:34:54","modified_gmt":"2025-11-25T08:34:54","slug":"iocharger-to-exhibit-at-intercharge-network-conference-icnc25","status":"publish","type":"post","link":"https:\/\/www.iocharger.com\/pt\/iocharger-to-exhibit-at-intercharge-network-conference-icnc25\/","title":{"rendered":"Iocharger participar\u00e1 da Intercharge Network Conference (ICNC25) em Berlim"},"content":{"rendered":"<p>A Iocharger participar\u00e1 da pr\u00f3xima Intercharge Network Conference (ICNC25), organizada pela Hubject, que acontecer\u00e1 de <strong>2 a 4 de setembro de 2025<\/strong>, em <strong>Berlim, Alemanha<\/strong>.<\/p>\n\n\n\n<p>Como um dos principais eventos do setor de carregamento de ve\u00edculos el\u00e9tricos, a ICNC25 re\u00fane os principais intervenientes e inovadores para moldar o futuro da mobilidade el\u00e9trica.<\/p>\n\n\n\n<p>Visite-nos em <strong><mark style=\"background-color:rgba(0, 0, 0, 0);color:#33cccc\" class=\"has-inline-color\">Estande C11<\/mark><\/strong>, onde apresentaremos as nossas mais recentes inova\u00e7\u00f5es em tecnologia de carregamento de ve\u00edculos el\u00e9tricos, incluindo:<\/p>\n\n\n\n<ul class=\"wp-block-list\">\n<li>Carregador AC duplo com pedestal certificado pela Eichrecht <a href=\"https:\/\/www.iocharger.com\/pt\/pedestal-2x7kw-2x22kw-dual-ac-commercial-ev-charger\/\" target=\"_blank\" rel=\"noreferrer noopener\"><mark style=\"background-color:rgba(0, 0, 0, 0);color:#33cccc\" class=\"has-inline-color\">IOCAP26<\/mark><\/a>, totalmente compat\u00edvel com OCPP 2.0.1 e <a href=\"https:\/\/www.iocharger.com\/pt\/iso15118-plug-and-charge\/\" target=\"_blank\" rel=\"noreferrer noopener\"><mark style=\"background-color:rgba(0, 0, 0, 0);color:#33cccc\" class=\"has-inline-color\"><strong>I<\/strong>SO15118 Plug&amp;Charge<\/mark><\/a>, oferecendo precis\u00e3o de medi\u00e7\u00e3o, comunica\u00e7\u00e3o segura e experi\u00eancia de utilizador perfeita para redes de carregamento p\u00fablicas em toda a Europa.<\/li>\n\n\n\n<li>Uma linha completa de <a href=\"https:\/\/www.iocharger.com\/pt\/dynamic-load-balancing\/\" target=\"_blank\" rel=\"noreferrer noopener\"><mark style=\"background-color:rgba(0, 0, 0, 0);color:#33cccc\" class=\"has-inline-color\">solu\u00e7\u00f5es de balanceamento de carga din\u00e2mico<\/mark><\/a>, concebido para f\u00e1cil integra\u00e7\u00e3o em infraestruturas de carregamento semi-p\u00fablicas e p\u00fablicas, ajudando os operadores a otimizar a distribui\u00e7\u00e3o de energia e a efici\u00eancia do carregamento.<\/li>\n<\/ul>\n\n\n\n<p>Seja voc\u00ea um CPO, OEM ou fornecedor de infraestrutura, convidamos voc\u00ea a entrar em contato com a nossa equipa e explorar como o iocharger pode apoiar a sua estrat\u00e9gia de carregamento inteligente.<\/p>\n\n\n\n<p>Vamos impulsionar o futuro da eMobilidade, juntos.<\/p>\n\n\n\n<h3 class=\"wp-block-heading\">Detalhes do evento:<\/h3>\n\n\n\n<h4 class=\"wp-block-heading\"><strong>Datas: 2 a 4 de setembro de 2025<\/strong><\/h4>\n\n\n\n<h4 class=\"wp-block-heading\"><strong>Localiza\u00e7\u00e3o: Berlim, Alemanha<\/strong><\/h4>\n\n\n\n<h4 class=\"wp-block-heading\"><strong>Estande: C11<\/strong><\/h4>\n\n\n\n<h4 class=\"wp-block-heading\">Contato:<\/h4>\n\n\n\n<p>WhatsApp: <a href=\"https:\/\/wa.me\/008613812636277\" rel=\"nofollow noopener\" target=\"_blank\"><mark style=\"background-color:rgba(0, 0, 0, 0);color:#33cccc\" class=\"has-inline-color\">+86-13812636277<\/mark><\/a><\/p>\n\n\n\n<p>E-mail: <a href=\"mailto:sales@iocharger.com\"><mark style=\"background-color:rgba(0, 0, 0, 0);color:#33cccc\" class=\"has-inline-color\">sales@iocharger.com<\/mark><\/a><\/p>\n\n\n\n<p><\/p>\n\n\n\n<h3 class=\"wp-block-heading\">Sobre o iocharger:<\/h3>\n\n\n\n<p>A iocharger \u00e9 especializada em solu\u00e7\u00f5es inteligentes de carregamento de ve\u00edculos el\u00e9tricos, concebidas para satisfazer as necessidades em constante evolu\u00e7\u00e3o das aplica\u00e7\u00f5es residenciais, comerciais e industriais. Com foco na inova\u00e7\u00e3o, fiabilidade e sustentabilidade, a iocharger est\u00e1 a impulsionar o futuro da mobilidade el\u00e9trica.<\/p>\n\n\n\n<p><\/p>","protected":false},"excerpt":{"rendered":"<p>A Iocharger participar\u00e1 na pr\u00f3xima Intercharge Network Conference (ICNC25), organizada pela Hubject, que ter\u00e1 lugar a 2 de setembro...<\/p>","protected":false},"author":1,"featured_media":8471,"comment_status":"closed","ping_status":"closed","sticky":false,"template":"","format":"standard","meta":{"_acf_changed":false,"footnotes":""},"categories":[109],"tags":[317,207],"class_list":["post-8469","post","type-post","status-publish","format-standard","has-post-thumbnail","hentry","category-exhibition-news","tag-icnc-25","tag-intercharge-network-conference"],"acf":[],"_links":{"self":[{"href":"https:\/\/www.iocharger.com\/pt\/wp-json\/wp\/v2\/posts\/8469","targetHints":{"allow":["GET"]}}],"collection":[{"href":"https:\/\/www.iocharger.com\/pt\/wp-json\/wp\/v2\/posts"}],"about":[{"href":"https:\/\/www.iocharger.com\/pt\/wp-json\/wp\/v2\/types\/post"}],"author":[{"embeddable":true,"href":"https:\/\/www.iocharger.com\/pt\/wp-json\/wp\/v2\/users\/1"}],"replies":[{"embeddable":true,"href":"https:\/\/www.iocharger.com\/pt\/wp-json\/wp\/v2\/comments?post=8469"}],"version-history":[{"count":0,"href":"https:\/\/www.iocharger.com\/pt\/wp-json\/wp\/v2\/posts\/8469\/revisions"}],"wp:featuredmedia":[{"embeddable":true,"href":"https:\/\/www.iocharger.com\/pt\/wp-json\/wp\/v2\/media\/8471"}],"wp:attachment":[{"href":"https:\/\/www.iocharger.com\/pt\/wp-json\/wp\/v2\/media?parent=8469"}],"wp:term":[{"taxonomy":"category","embeddable":true,"href":"https:\/\/www.iocharger.com\/pt\/wp-json\/wp\/v2\/categories?post=8469"},{"taxonomy":"post_tag","embeddable":true,"href":"https:\/\/www.iocharger.com\/pt\/wp-json\/wp\/v2\/tags?post=8469"}],"curies":[{"name":"wp","href":"https:\/\/api.w.org\/{rel}","templated":true}]}}