{"id":8368,"date":"2025-06-03T10:57:00","date_gmt":"2025-06-03T10:57:00","guid":{"rendered":"https:\/\/www.jinghuaceramic.com\/?p=8368"},"modified":"2025-11-25T08:58:00","modified_gmt":"2025-11-25T08:58:00","slug":"iocharger-introduces-dual-ac-charger-series","status":"publish","type":"post","link":"https:\/\/www.iocharger.com\/pt\/iocharger-introduces-dual-ac-charger-series\/","title":{"rendered":"Iocharger apresenta s\u00e9rie inovadora de carregadores duplos CA na EVS38"},"content":{"rendered":"<p>Gotemburgo, Su\u00e9cia \u2013 A Iocharger tem o orgulho de anunciar o lan\u00e7amento global dos seus mais recentes modelos de carregadores duplos CA (<a href=\"https:\/\/www.iocharger.com\/pt\/public-dual-ac-wallbox-2x22kw\/\" target=\"_blank\" rel=\"noreferrer noopener\"><mark style=\"background-color:rgba(0, 0, 0, 0);color:#33cccc\" class=\"has-inline-color\">IOCAW31<\/mark><\/a><mark style=\"background-color:rgba(0, 0, 0, 0);color:#33cccc\" class=\"has-inline-color\"> <\/mark>e <a href=\"https:\/\/www.iocharger.com\/pt\/dual-ports-pedestal-ac-ev-charger-ocpp\/\" target=\"_blank\" rel=\"noreferrer noopener\"><mark style=\"background-color:rgba(0, 0, 0, 0);color:#33cccc\" class=\"has-inline-color\">IOCAP35<\/mark><\/a>) na EVS38 \u2013 38.\u00ba Simp\u00f3sio e Exposi\u00e7\u00e3o sobre Ve\u00edculos El\u00e9tricos (<strong>15 a 18 de junho de 2025<\/strong>). Concebidas para responder \u00e0s exig\u00eancias em constante evolu\u00e7\u00e3o do mercado dos ve\u00edculos el\u00e9tricos (VE), estas esta\u00e7\u00f5es de carregamento avan\u00e7adas oferecem solu\u00e7\u00f5es mais inteligentes, fi\u00e1veis e preparadas para o futuro, para uso comercial e p\u00fablico.<\/p>\n\n\n\n<p>A nova s\u00e9rie de carregadores duplos CA est\u00e1 equipada com funcionalidades de ponta para aumentar a efici\u00eancia e a conveni\u00eancia do utilizador, incluindo:<\/p>\n\n\n\n<ul class=\"wp-block-list\">\n<li><strong>OCPP 1.6J e OCPP 2.0.1<\/strong> conformidade para interoperabilidade perfeita<\/li>\n\n\n\n<li><strong>ISO15118 Plug&amp;Charge<\/strong> para transa\u00e7\u00f5es seguras e automatizadas<\/li>\n\n\n\n<li><strong>Pagamentos POS integrados<\/strong> para uma fatura\u00e7\u00e3o simplificada<\/li>\n\n\n\n<li><strong>Balanceamento din\u00e2mico de carga<\/strong> otimizar a distribui\u00e7\u00e3o de energia<\/li>\n\n\n\n<li><strong>Opera\u00e7\u00e3o e manuten\u00e7\u00e3o remota e local inteligente<\/strong> para facilitar a gest\u00e3o<\/li>\n<\/ul>\n\n\n\n<p>Essas inova\u00e7\u00f5es tornam o carregador CA duplo uma solu\u00e7\u00e3o ideal para operadores de pontos de carregamento (CPOs), fornecedores de servi\u00e7os p\u00fablicos, operadores de frotas e parceiros de infraestrutura de carregamento que buscam expandir suas ofertas com tecnologia de alto desempenho.<\/p>\n\n\n\n<p>A Iocharger convida os profissionais do setor a explorar estes novos produtos na EVS38, em Gotemburgo. Para agendar reuni\u00f5es ou obter informa\u00e7\u00f5es adicionais sobre os produtos, entre em contacto com a equipa de vendas em <a href=\"mailto:sales@iocharger.com\"><mark style=\"background-color:rgba(0, 0, 0, 0);color:#33cccc\" class=\"has-inline-color\">sales@iocharger.com<\/mark><\/a><mark style=\"background-color:rgba(0, 0, 0, 0);color:#33cccc\" class=\"has-inline-color\">.<\/mark><\/p>\n\n\n\n<p>Visite o estande da Iocharger para experimentar em primeira m\u00e3o o futuro do carregamento de ve\u00edculos el\u00e9tricos.<\/p>\n\n\n\n<h3 class=\"wp-block-heading\">Detalhes do evento:<\/h3>\n\n\n\n<h4 class=\"wp-block-heading\"><strong>Datas: 16 a 18 de junho de 2025<\/strong><\/h4>\n\n\n\n<h4 class=\"wp-block-heading\"><strong>Localiza\u00e7\u00e3o: Gotemburgo, Su\u00e9cia<\/strong><\/h4>\n\n\n\n<h4 class=\"wp-block-heading\"><strong>Estande: A06-02<\/strong><\/h4>","protected":false},"excerpt":{"rendered":"<p>Gotemburgo, Su\u00e9cia \u2013 A Iocharger tem o orgulho de anunciar o lan\u00e7amento global dos seus mais recentes modelos de carregadores duplos CA (IOCAW31\u2026<\/p>","protected":false},"author":1,"featured_media":8373,"comment_status":"closed","ping_status":"closed","sticky":false,"template":"","format":"standard","meta":{"_acf_changed":false,"footnotes":""},"categories":[121],"tags":[299,281,300],"class_list":["post-8368","post","type-post","status-publish","format-standard","has-post-thumbnail","hentry","category-product-news","tag-dual-ac-charger","tag-evs38","tag-iocharger-new-product-release"],"acf":[],"_links":{"self":[{"href":"https:\/\/www.iocharger.com\/pt\/wp-json\/wp\/v2\/posts\/8368","targetHints":{"allow":["GET"]}}],"collection":[{"href":"https:\/\/www.iocharger.com\/pt\/wp-json\/wp\/v2\/posts"}],"about":[{"href":"https:\/\/www.iocharger.com\/pt\/wp-json\/wp\/v2\/types\/post"}],"author":[{"embeddable":true,"href":"https:\/\/www.iocharger.com\/pt\/wp-json\/wp\/v2\/users\/1"}],"replies":[{"embeddable":true,"href":"https:\/\/www.iocharger.com\/pt\/wp-json\/wp\/v2\/comments?post=8368"}],"version-history":[{"count":0,"href":"https:\/\/www.iocharger.com\/pt\/wp-json\/wp\/v2\/posts\/8368\/revisions"}],"wp:featuredmedia":[{"embeddable":true,"href":"https:\/\/www.iocharger.com\/pt\/wp-json\/wp\/v2\/media\/8373"}],"wp:attachment":[{"href":"https:\/\/www.iocharger.com\/pt\/wp-json\/wp\/v2\/media?parent=8368"}],"wp:term":[{"taxonomy":"category","embeddable":true,"href":"https:\/\/www.iocharger.com\/pt\/wp-json\/wp\/v2\/categories?post=8368"},{"taxonomy":"post_tag","embeddable":true,"href":"https:\/\/www.iocharger.com\/pt\/wp-json\/wp\/v2\/tags?post=8368"}],"curies":[{"name":"wp","href":"https:\/\/api.w.org\/{rel}","templated":true}]}}