{"id":7205,"date":"2025-05-30T11:18:44","date_gmt":"2025-05-30T03:18:44","guid":{"rendered":"https:\/\/www.iocharger.com\/?p=7205"},"modified":"2025-05-30T11:18:44","modified_gmt":"2025-05-30T03:18:44","slug":"iocharger-to-present-evs38-in-gothenburg","status":"publish","type":"post","link":"https:\/\/www.iocharger.com\/pt\/iocharger-to-present-evs38-in-gothenburg\/","title":{"rendered":"iocharger apresentar\u00e1 EVS38 em Gotemburgo"},"content":{"rendered":"<p>A iocharger, fornecedora l\u00edder de solu\u00e7\u00f5es inteligentes para carregamento de ve\u00edculos el\u00e9tricos, tem o prazer de anunciar a sua participa\u00e7\u00e3o no 38.\u00ba Simp\u00f3sio e Exposi\u00e7\u00e3o Internacional de Ve\u00edculos El\u00e9tricos (EVS38), que ter\u00e1 lugar <strong>16 a 18 de junho de 2025,<\/strong> em Gotemburgo, Su\u00e9cia.<\/p>\n<p>Visite-nos em <span style=\"color: #33cccc;\"><strong>Estande A06-02<\/strong><\/span> para explorar os mais recentes avan\u00e7os em solu\u00e7\u00f5es inteligentes de carregamento de ve\u00edculos el\u00e9tricos e gest\u00e3o de energia!<\/p>\n<h3>Principais inova\u00e7\u00f5es em exposi\u00e7\u00e3o<\/h3>\n<p>Na EVS38, a iocharger apresentar\u00e1 o seu portf\u00f3lio abrangente de solu\u00e7\u00f5es de carregamento de \u00faltima gera\u00e7\u00e3o, incluindo:<\/p>\n<ul>\n<li><strong>Conformidade total com OCPP 2.0.1<\/strong> \u2013 Garantir uma interoperabilidade perfeita entre esta\u00e7\u00f5es de carregamento e sistemas de gest\u00e3o de rede<\/li>\n<li><strong>Hubject ISO 15118 Plug&amp;Charge<\/strong> \u2013 Permitindo autentica\u00e7\u00e3o e fatura\u00e7\u00e3o seguras e automatizadas para uma experi\u00eancia de cobran\u00e7a sem atritos<\/li>\n<li><strong>Sistemas integrados de pagamento POS<\/strong> \u2013 Suporte a v\u00e1rios m\u00e9todos de pagamento para maior comodidade do utilizador<\/li>\n<li><strong>Recursos V2G e V2H (Vehicle-to-Grid e Vehicle-to-Home)<\/strong> \u2013 Facilitar o fluxo bidirecional de energia para otimizar o uso de energia na rede e em casa<\/li>\n<li><strong>Tecnologia de balanceamento de carga din\u00e2mico<\/strong> \u2013 Distribui\u00e7\u00e3o inteligente de energia por v\u00e1rios carregadores para maximizar a efici\u00eancia<\/li>\n<li><strong>Integra\u00e7\u00e3o solar e bateria<\/strong> \u2013 Fornecimento de solu\u00e7\u00f5es de carregamento sustent\u00e1veis alimentadas por energia renov\u00e1vel<\/li>\n<\/ul>\n<h3>Uma plataforma para colabora\u00e7\u00e3o industrial<\/h3>\n<p>O EVS38 funciona como um f\u00f3rum global de excel\u00eancia para a inova\u00e7\u00e3o em mobilidade el\u00e9trica, reunindo l\u00edderes da ind\u00fastria, decisores pol\u00edticos e fornecedores de tecnologia. A presen\u00e7a da iocharger no evento refor\u00e7a o seu compromisso com o avan\u00e7o de uma infraestrutura de carregamento de ve\u00edculos el\u00e9tricos inteligente, eficiente e sustent\u00e1vel.<\/p>\n<h3>Detalhes do evento:<\/h3>\n<h4><strong>Datas: 16 a 18 de junho de 2025<\/strong><\/h4>\n<h4><strong>Localiza\u00e7\u00e3o: Gotemburgo, Su\u00e9cia<\/strong><\/h4>\n<h4><strong>Estande: A06-02<\/strong><\/h4>\n<h4>Contato:<\/h4>\n<p>WhatsApp:<span style=\"color: #33cccc;\"> <a style=\"color: #33cccc;\" href=\"https:\/\/wa.me\/008613812636277\" rel=\"nofollow noopener\" target=\"_blank\">+86-13812636277<\/a><\/span><\/p>\n<p>E-mail: <span style=\"color: #33cccc;\"><a style=\"color: #33cccc;\" href=\"mailto:sales@iocharger.com\">sales@iocharger.com<\/a><\/span><\/p>\n<p>&nbsp;<\/p>\n<h3>Sobre o iocharger:<\/h3>\n<p>A iocharger \u00e9 especializada em solu\u00e7\u00f5es inteligentes de carregamento de ve\u00edculos el\u00e9tricos, concebidas para satisfazer as necessidades em constante evolu\u00e7\u00e3o das aplica\u00e7\u00f5es residenciais, comerciais e industriais. Com foco na inova\u00e7\u00e3o, fiabilidade e sustentabilidade, a iocharger est\u00e1 a impulsionar o futuro da mobilidade el\u00e9trica.<\/p>\n<p>&nbsp;<\/p>","protected":false},"excerpt":{"rendered":"<p>A iocharger, fornecedora l\u00edder de solu\u00e7\u00f5es inteligentes para carregamento de ve\u00edculos el\u00e9tricos, tem o prazer de anunciar a sua participa\u00e7\u00e3o no...<\/p>","protected":false},"author":1,"featured_media":7208,"comment_status":"closed","ping_status":"closed","sticky":false,"template":"","format":"standard","meta":{"_acf_changed":false,"footnotes":""},"categories":[109],"tags":[281,282,283],"class_list":["post-7205","post","type-post","status-publish","format-standard","has-post-thumbnail","hentry","category-exhibition-news","tag-evs38","tag-evs38-in-gothenburg","tag-iocharger-to-present-evs38"],"acf":[],"_links":{"self":[{"href":"https:\/\/www.iocharger.com\/pt\/wp-json\/wp\/v2\/posts\/7205","targetHints":{"allow":["GET"]}}],"collection":[{"href":"https:\/\/www.iocharger.com\/pt\/wp-json\/wp\/v2\/posts"}],"about":[{"href":"https:\/\/www.iocharger.com\/pt\/wp-json\/wp\/v2\/types\/post"}],"author":[{"embeddable":true,"href":"https:\/\/www.iocharger.com\/pt\/wp-json\/wp\/v2\/users\/1"}],"replies":[{"embeddable":true,"href":"https:\/\/www.iocharger.com\/pt\/wp-json\/wp\/v2\/comments?post=7205"}],"version-history":[{"count":0,"href":"https:\/\/www.iocharger.com\/pt\/wp-json\/wp\/v2\/posts\/7205\/revisions"}],"wp:featuredmedia":[{"embeddable":true,"href":"https:\/\/www.iocharger.com\/pt\/wp-json\/wp\/v2\/media\/7208"}],"wp:attachment":[{"href":"https:\/\/www.iocharger.com\/pt\/wp-json\/wp\/v2\/media?parent=7205"}],"wp:term":[{"taxonomy":"category","embeddable":true,"href":"https:\/\/www.iocharger.com\/pt\/wp-json\/wp\/v2\/categories?post=7205"},{"taxonomy":"post_tag","embeddable":true,"href":"https:\/\/www.iocharger.com\/pt\/wp-json\/wp\/v2\/tags?post=7205"}],"curies":[{"name":"wp","href":"https:\/\/api.w.org\/{rel}","templated":true}]}}