{"id":8852,"date":"2025-11-27T20:14:00","date_gmt":"2025-11-27T20:14:00","guid":{"rendered":"https:\/\/www.jinghuaceramic.com\/?p=8852"},"modified":"2025-12-24T01:00:00","modified_gmt":"2025-12-24T01:00:00","slug":"v2g-becomes-viable-in-germany","status":"publish","type":"post","link":"https:\/\/www.iocharger.com\/pl\/v2g-becomes-viable-in-germany\/","title":{"rendered":"V2G staje si\u0119 op\u0142acalne w Niemczech: jak Iocharger nap\u0119dza kolejn\u0105 fal\u0119 inteligentnej energii"},"content":{"rendered":"<p>Niemcy podj\u0119\u0142y zdecydowane kroki w kierunku umo\u017cliwienia wprowadzenia na szerok\u0105 skal\u0119 \u0142adowania dwukierunkowego.<br>Wed\u0142ug najnowszego raportu serwisu electrive.net niemiecki Bundestag zatwierdzi\u0142 kluczow\u0105 poprawk\u0119 do krajowego ustawodawstwa energetycznego, znosz\u0105c\u0105 od dawna krytykowan\u0105 podw\u00f3jn\u0105 op\u0142at\u0119 sieciow\u0105 nak\u0142adan\u0105 w przypadku pobierania energii z sieci, jej magazynowania, a nast\u0119pnie ponownego wprowadzania do sieci.<br>Ta zmiana polityki zasadniczo zmienia ekonomi\u0119 technologii Vehicle-to-Grid (V2G).<\/p>\n\n\n\n<h3 class=\"wp-block-heading\">Dzi\u0119ki wyeliminowaniu podw\u00f3jnego \u0142adowania technologia V2G przechodzi z fazy eksperymentalnej do fazy komercyjnej.<\/h3>\n\n\n\n<p>Jest to jedno z najwa\u017cniejszych wydarze\u0144 ostatnich lat dla europejskiego sektora \u0142adowania pojazd\u00f3w elektrycznych i inteligentnej energii.<\/p>\n\n\n\n<h3 class=\"wp-block-heading\">Dlaczego ta polityka ma znaczenie: warto\u015b\u0107 \u0142adowania dwukierunkowego<\/h3>\n\n\n\n<p>\u0141adowanie dwukierunkowe umo\u017cliwia pojazdom elektrycznym nie tylko pobieranie energii z sieci, ale tak\u017ce dostarczanie jej z powrotem do dom\u00f3w (V2H), budynk\u00f3w (V2B), mikrosieci i sieci publicznej (V2G).<br>Ta zdolno\u015b\u0107 odgrywa strategiczn\u0105 rol\u0119 w przysz\u0142o\u015bci system\u00f3w energetycznych:<\/p>\n\n\n\n<ul class=\"wp-block-list\">\n<li>Stabilno\u015b\u0107 sieci i zarz\u0105dzanie obci\u0105\u017ceniem szczytowym<\/li>\n\n\n\n<li>Pojazdy elektryczne jako elastyczne, mobilne magazyny energii<\/li>\n\n\n\n<li>Wi\u0119ksze wykorzystanie energii odnawialnej<\/li>\n\n\n\n<li>Nowe mo\u017cliwo\u015bci uzyskania przychod\u00f3w dla operator\u00f3w i w\u0142a\u015bcicieli pojazd\u00f3w elektrycznych<\/li>\n<\/ul>\n\n\n\n<p>Do tej pory bariery regulacyjne uniemo\u017cliwia\u0142y osi\u0105gni\u0119cie znacz\u0105cej skali przez V2G.<br>Najnowsza decyzja Niemiec usuwa najwi\u0119ksz\u0105 przeszkod\u0119 finansow\u0105.<\/p>\n\n\n\n<h3 class=\"wp-block-heading\">Konsekwencje dla europejskiego rynku pojazd\u00f3w elektrycznych i energetyki<\/h3>\n\n\n\n<p>Wp\u0142yw ten b\u0119dzie daleko id\u0105cy w sektorach mobilno\u015bci i energii elektrycznej:<\/p>\n\n\n\n<h4 class=\"wp-block-heading\">1. Rosn\u0105ce zapotrzebowanie na infrastruktur\u0119 \u0142adowania przystosowan\u0105 do technologii V2G<\/h4>\n\n\n\n<p>Operatorzy b\u0119d\u0105 coraz cz\u0119\u015bciej stosowa\u0107 sprz\u0119t umo\u017cliwiaj\u0105cy zar\u00f3wno \u0142adowanie, jak i kontrolowane roz\u0142adowywanie.<\/p>\n\n\n\n<h4 class=\"wp-block-heading\">2. Silna adopcja przez floty i rynki mieszkaniowe<\/h4>\n\n\n\n<p>V2H i V2B stan\u0105 si\u0119 bardziej praktyczne wraz z integracj\u0105 pojazd\u00f3w elektrycznych z systemami energetycznymi dom\u00f3w i budynk\u00f3w.<\/p>\n\n\n\n<h4 class=\"wp-block-heading\">3. Pojazdy elektryczne staj\u0105 si\u0119 aktywnymi komponentami inteligentnej sieci energetycznej<\/h4>\n\n\n\n<p>\u0141adowanie dwukierunkowe b\u0119dzie mia\u0142o wp\u0142yw na planowanie energetyczne, elastyczno\u015b\u0107 sieci i struktur\u0119 rynku.<br>Decyzja Niemiec jest powszechnie uwa\u017cana za katalizator cyklu komercjalizacji technologii V2G w Europie.<\/p>\n\n\n\n<h3 class=\"wp-block-heading\">Iocharger: w pe\u0142ni przygotowany na przysz\u0142o\u015b\u0107 V2G<\/h3>\n\n\n\n<p>W Iocharger od dawna przewidywali\u015bmy rozw\u00f3j \u0142adowania dwukierunkowego.<br>Nasze oprogramowanie i sprz\u0119t zosta\u0142y zaprojektowane tak, aby zapewni\u0107 pe\u0142n\u0105 kompatybilno\u015b\u0107 z <a href=\"https:\/\/www.iocharger.com\/pl\/iso15118-plug-and-charge\/\" target=\"_blank\" rel=\"noreferrer noopener\"><mark style=\"background-color:rgba(0, 0, 0, 0);color:#33cccc\" class=\"has-inline-color\">ISO 15118-20<\/mark><\/a>, operacje V2G, bezpieczn\u0105 wymian\u0119 danych i inteligentne zarz\u0105dzanie energi\u0105.<\/p>\n\n\n\n<p>Poni\u017cej znajduje si\u0119 zwi\u0119z\u0142y przegl\u0105d naszej oferty produkt\u00f3w przystosowanych do technologii V2G.<\/p>\n\n\n\n<p>\u0141adowarki AC V2G (domowe i komercyjne)<\/p>\n\n\n\n<figure class=\"wp-block-image size-full\"><a href=\"https:\/\/www.iocharger.com\/pl\/level-2-7kw-22kw-ocpp-1-6j-ocpp-2-0-1-smart-fast-home-ev-charger\/\" target=\"_blank\" rel=\" noreferrer noopener\"><img fetchpriority=\"high\" decoding=\"async\" width=\"750\" height=\"600\" src=\"https:\/\/www.iocharger.com\/wp-content\/uploads\/2025\/12\/EV-Charger-Troubleshooting.jpg\" alt=\"\" class=\"wp-image-8854\" srcset=\"https:\/\/www.iocharger.com\/wp-content\/uploads\/2025\/12\/EV-Charger-Troubleshooting.jpg 750w, https:\/\/www.iocharger.com\/wp-content\/uploads\/2025\/12\/EV-Charger-Troubleshooting-300x240.jpg 300w, https:\/\/www.iocharger.com\/wp-content\/uploads\/2025\/12\/EV-Charger-Troubleshooting-285x228.jpg 285w, https:\/\/www.iocharger.com\/wp-content\/uploads\/2025\/12\/EV-Charger-Troubleshooting-660x528.jpg 660w, https:\/\/www.iocharger.com\/wp-content\/uploads\/2025\/12\/EV-Charger-Troubleshooting-150x120.jpg 150w\" sizes=\"(max-width: 750px) 100vw, 750px\" \/><\/a><\/figure>\n\n\n\n<ul class=\"wp-block-list\">\n<li>Zgodny z norm\u0105 ISO 15118-20, w tym pe\u0142na funkcjonalno\u015b\u0107 V2G<\/li>\n\n\n\n<li><a href=\"https:\/\/www.iocharger.com\/pl\/ev-charging\/\" target=\"_blank\" rel=\"noreferrer noopener\"><mark style=\"background-color:rgba(0, 0, 0, 0);color:#33cccc\" class=\"has-inline-color\">OCPP 2.0.1<\/mark><\/a>\u00a0wsparcie<\/li>\n\n\n\n<li>Inteligentne planowanie i dynamiczne zarz\u0105dzanie obci\u0105\u017ceniem<\/li>\n\n\n\n<li>Dost\u0119pne w wersjach jednofazowych i tr\u00f3jfazowych<\/li>\n\n\n\n<li>Idealny do dom\u00f3w, mieszka\u0144, miejsc pracy i obiekt\u00f3w komercyjnych<\/li>\n<\/ul>\n\n\n\n<p>Zoptymalizowany dla rynk\u00f3w stosuj\u0105cych technologie V2H i V2G, takich jak Niemcy i kraje skandynawskie.<\/p>\n\n\n\n<h3 class=\"wp-block-heading\">System zarz\u0105dzania energi\u0105 (EMS)<\/h3>\n\n\n\n<p>Nasz system EMS zwi\u0119ksza warto\u015b\u0107 V2G dzi\u0119ki inteligentnemu sterowaniu:<\/p>\n\n\n\n<ul class=\"wp-block-list\">\n<li>Zarz\u0105dzanie \u0142adowaniem i roz\u0142adowywaniem w czasie rzeczywistym<\/li>\n\n\n\n<li>Zoptymalizowane planowanie V2G w oparciu o taryfy i warunki sieciowe<\/li>\n\n\n\n<li>Ograniczanie szczyt\u00f3w i r\u00f3wnowa\u017cenie obci\u0105\u017cenia<\/li>\n\n\n\n<li>Skoordynowane sterowanie wieloma \u0142adowarkami AC V2G<\/li>\n<\/ul>\n\n\n\n<p>Przeznaczony dla operator\u00f3w, przedsi\u0119biorstw u\u017cyteczno\u015bci publicznej, deweloper\u00f3w nieruchomo\u015bci i partner\u00f3w energetycznych.<\/p>\n\n\n\n<h3 class=\"wp-block-heading\">Dlaczego specjali\u015bci ds. energii wybieraj\u0105 Iocharger<\/h3>\n\n\n\n<ul class=\"wp-block-list\">\n<li>Sprz\u0119t z certyfikatem europejskim do d\u0142ugotrwa\u0142ego u\u017cytkowania<\/li>\n\n\n\n<li>Zaawansowana implementacja normy ISO15118-20, Plug&amp;Charge<\/li>\n\n\n\n<li>Ujednolicony ekosystem sprz\u0119tu i oprogramowania dla uproszczonej integracji<\/li>\n\n\n\n<li>Elastyczna architektura dla dostawc\u00f3w energii i aplikacji inteligentnych sieci energetycznych<\/li>\n<\/ul>\n\n\n\n<h3 class=\"wp-block-heading\">Era V2G oficjalnie rozpocz\u0119\u0142a si\u0119<\/h3>\n\n\n\n<p>Reforma polityki Niemiec stanowi punkt zwrotny dla europejskiego sektora pojazd\u00f3w elektrycznych i energetycznego.<br>Przej\u015bcie od \u0142adowania jednokierunkowego do w pe\u0142ni interaktywnych, rozproszonych system\u00f3w energetycznych obecnie przyspiesza.<br>W Iocharger jeste\u015bmy zaanga\u017cowani w umo\u017cliwienie tej transformacji dzi\u0119ki niezawodnemu sprz\u0119towi, inteligentnemu oprogramowaniu i architekturze opartej na standardach, kt\u00f3re wspieraj\u0105 szybki rozw\u00f3j \u0142adowania dwukierunkowego w ca\u0142ej Europie.<br>Przysz\u0142o\u015b\u0107 energetyki jest dwukierunkowa \u2013 a firma Iocharger jest gotowa, aby sta\u0107 si\u0119 jej liderem.<\/p>\n\n\n\n<p><\/p>","protected":false},"excerpt":{"rendered":"<p>Niemcy podj\u0119\u0142y zdecydowane kroki w kierunku umo\u017cliwienia wprowadzenia na szerok\u0105 skal\u0119 \u0142adowania dwukierunkowego. Wed\u0142ug najnowszego raportu...<\/p>","protected":false},"author":1,"featured_media":8853,"comment_status":"closed","ping_status":"closed","sticky":false,"template":"","format":"standard","meta":{"_acf_changed":false,"footnotes":""},"categories":[151],"tags":[354,353,352],"class_list":["post-8852","post","type-post","status-publish","format-standard","has-post-thumbnail","hentry","category-ev-energy","tag-iocharger-v2g-ev-charger","tag-v2g-becomes-viable-in-germany","tag-v2g-germany"],"acf":[],"_links":{"self":[{"href":"https:\/\/www.iocharger.com\/pl\/wp-json\/wp\/v2\/posts\/8852","targetHints":{"allow":["GET"]}}],"collection":[{"href":"https:\/\/www.iocharger.com\/pl\/wp-json\/wp\/v2\/posts"}],"about":[{"href":"https:\/\/www.iocharger.com\/pl\/wp-json\/wp\/v2\/types\/post"}],"author":[{"embeddable":true,"href":"https:\/\/www.iocharger.com\/pl\/wp-json\/wp\/v2\/users\/1"}],"replies":[{"embeddable":true,"href":"https:\/\/www.iocharger.com\/pl\/wp-json\/wp\/v2\/comments?post=8852"}],"version-history":[{"count":0,"href":"https:\/\/www.iocharger.com\/pl\/wp-json\/wp\/v2\/posts\/8852\/revisions"}],"wp:featuredmedia":[{"embeddable":true,"href":"https:\/\/www.iocharger.com\/pl\/wp-json\/wp\/v2\/media\/8853"}],"wp:attachment":[{"href":"https:\/\/www.iocharger.com\/pl\/wp-json\/wp\/v2\/media?parent=8852"}],"wp:term":[{"taxonomy":"category","embeddable":true,"href":"https:\/\/www.iocharger.com\/pl\/wp-json\/wp\/v2\/categories?post=8852"},{"taxonomy":"post_tag","embeddable":true,"href":"https:\/\/www.iocharger.com\/pl\/wp-json\/wp\/v2\/tags?post=8852"}],"curies":[{"name":"wp","href":"https:\/\/api.w.org\/{rel}","templated":true}]}}