{"id":8432,"date":"2025-06-19T10:43:00","date_gmt":"2025-06-19T10:43:00","guid":{"rendered":"https:\/\/www.jinghuaceramic.com\/?p=8432"},"modified":"2025-11-25T08:51:09","modified_gmt":"2025-11-25T08:51:09","slug":"iocharger-concludes-successful-evs38-showcase","status":"publish","type":"post","link":"https:\/\/www.iocharger.com\/pl\/iocharger-concludes-successful-evs38-showcase\/","title":{"rendered":"Iocharger zako\u0144czy\u0142 udane targi EVS38, prezentuj\u0105c nowe \u0142adowarki AC z dwoma portami"},"content":{"rendered":"<p>Firma iocharger z powodzeniem zako\u0144czy\u0142a sw\u00f3j udzia\u0142 w 38. Sympozjum i Wystawie Pojazd\u00f3w Elektrycznych (EVS38), kt\u00f3re odby\u0142o si\u0119 w dniach 16-18 czerwca w G\u00f6teborgu w Szwecji. Wydarzenie to stanowi\u0142o nieocenion\u0105 okazj\u0119 do nawi\u0105zania wsp\u00f3\u0142pracy z globalnymi producentami OEM, operatorami punkt\u00f3w \u0142adowania (CPO), przedsi\u0119biorstwami u\u017cyteczno\u015bci publicznej, pojazdami elektrycznymi i liderami bran\u017cy, poniewa\u017c zaprezentowali\u015bmy nasze najnowsze osi\u0105gni\u0119cia w zakresie inteligentnego \u0142adowania pojazd\u00f3w elektrycznych i zintegrowanych rozwi\u0105za\u0144 energetycznych.<\/p>\n\n\n\n<p>Jako pierwszy producent \u0142adowarek do pojazd\u00f3w elektrycznych na \u015bwiecie, kt\u00f3ry obs\u0142uguje zar\u00f3wno OCPP 2.0.1, jak i <a href=\"https:\/\/www.iocharger.com\/pl\/iso15118-plug-and-charge\/\"><mark style=\"background-color:rgba(0, 0, 0, 0);color:#33cccc\" class=\"has-inline-color\">ISO 15118 Plug&amp;Charge<\/mark><\/a>, Nadal jeste\u015bmy liderem w bran\u017cy dostarczaj\u0105c otwarte, bezpieczne i przysz\u0142o\u015bciowe technologie \u0142adowania. Nasze <a href=\"https:\/\/www.iocharger.com\/pl\/pedestal-2x7kw-2x22kw-dual-ac-commercial-ev-charger\/\" target=\"_blank\" rel=\"noreferrer noopener\"><mark style=\"background-color:rgba(0, 0, 0, 0);color:#33cccc\" class=\"has-inline-color\">IOCAP26<\/mark><\/a> podw\u00f3jna \u0142adowarka AC, certyfikowana zgodnie z niemieckim prawem kalibracyjnym (Eichrecht), zapewnia pe\u0142n\u0105 zgodno\u015b\u0107 metrologiczn\u0105, jeszcze bardziej wzmacniaj\u0105c nasz\u0105 obecno\u015b\u0107 na rynku europejskim.<\/p>\n\n\n\n<p>Podczas wystawy z dum\u0105 zaprezentowali\u015bmy dwa nadchodz\u0105ce flagowe modele:<\/p>\n\n\n\n<div class=\"wp-block-columns is-layout-flex wp-container-core-columns-is-layout-9d6595d7 wp-block-columns-is-layout-flex\">\n<div class=\"wp-block-column is-layout-flow wp-block-column-is-layout-flow\">\n<figure class=\"wp-block-image size-full\"><a href=\"https:\/\/www.iocharger.com\/pl\/public-dual-ac-wallbox-2x22kw\/\" target=\"_blank\" rel=\" noreferrer noopener\"><img fetchpriority=\"high\" decoding=\"async\" width=\"660\" height=\"660\" src=\"https:\/\/www.iocharger.com\/wp-content\/uploads\/2025\/06\/03-660x660-1.webp\" alt=\"\" class=\"wp-image-8630\" srcset=\"https:\/\/www.iocharger.com\/wp-content\/uploads\/2025\/06\/03-660x660-1.webp 660w, https:\/\/www.iocharger.com\/wp-content\/uploads\/2025\/06\/03-660x660-1-300x300.webp 300w, https:\/\/www.iocharger.com\/wp-content\/uploads\/2025\/06\/03-660x660-1-150x150.webp 150w, https:\/\/www.iocharger.com\/wp-content\/uploads\/2025\/06\/03-660x660-1-285x285.webp 285w, https:\/\/www.iocharger.com\/wp-content\/uploads\/2025\/06\/03-660x660-1-270x270.webp 270w, https:\/\/www.iocharger.com\/wp-content\/uploads\/2025\/06\/03-660x660-1-540x540.webp 540w\" sizes=\"(max-width: 660px) 100vw, 660px\" \/><\/a><figcaption class=\"wp-element-caption\">IOCAW31, dwuportowa \u0142adowarka sieciowa do monta\u017cu na \u015bcianie<\/figcaption><\/figure>\n<\/div>\n\n\n\n<div class=\"wp-block-column is-layout-flow wp-block-column-is-layout-flow\">\n<figure class=\"wp-block-image size-full\"><a href=\"https:\/\/www.iocharger.com\/pl\/dual-ports-pedestal-ac-ev-charger-ocpp\/\" target=\"_blank\" rel=\" noreferrer noopener\"><img decoding=\"async\" width=\"660\" height=\"660\" src=\"https:\/\/www.iocharger.com\/wp-content\/uploads\/2025\/11\/dual-ports-ev-charger-post-1-660x660-1.webp\" alt=\"\" class=\"wp-image-8435\" srcset=\"https:\/\/www.iocharger.com\/wp-content\/uploads\/2025\/11\/dual-ports-ev-charger-post-1-660x660-1.webp 660w, https:\/\/www.iocharger.com\/wp-content\/uploads\/2025\/11\/dual-ports-ev-charger-post-1-660x660-1-300x300.webp 300w, https:\/\/www.iocharger.com\/wp-content\/uploads\/2025\/11\/dual-ports-ev-charger-post-1-660x660-1-150x150.webp 150w, https:\/\/www.iocharger.com\/wp-content\/uploads\/2025\/11\/dual-ports-ev-charger-post-1-660x660-1-285x285.webp 285w, https:\/\/www.iocharger.com\/wp-content\/uploads\/2025\/11\/dual-ports-ev-charger-post-1-660x660-1-270x270.webp 270w, https:\/\/www.iocharger.com\/wp-content\/uploads\/2025\/11\/dual-ports-ev-charger-post-1-660x660-1-540x540.webp 540w\" sizes=\"(max-width: 660px) 100vw, 660px\" \/><\/a><figcaption class=\"wp-element-caption\">IOCAP35, wolnostoj\u0105ca dwuportowa \u0142adowarka sieciowa<\/figcaption><\/figure>\n<\/div>\n<\/div>\n\n\n\n<p>Oba modele, zaprojektowane z my\u015bl\u0105 o \u015brodowiskach \u0142adowania wielu pojazd\u00f3w o du\u017cej przepustowo\u015bci, oferuj\u0105 elastyczne opcje instalacji i obs\u0142uguj\u0105 zaawansowane funkcje, takie jak:<\/p>\n\n\n\n<ul class=\"wp-block-list\">\n<li>OCPP 1.6J &amp; OCPP 2.0.1<\/li>\n\n\n\n<li>ISO15118 Plug&amp;Charge<\/li>\n\n\n\n<li>Dynamiczne r\u00f3wnowa\u017cenie obci\u0105\u017cenia<\/li>\n\n\n\n<li>Zintegrowane p\u0142atno\u015bci POS<\/li>\n\n\n\n<li>Inteligentne zarz\u0105dzanie energi\u0105<\/li>\n<\/ul>\n\n\n\n<p>Nowe \u0142adowarki spotka\u0142y si\u0119 z du\u017cym zainteresowaniem i pozytywnymi opiniami ze strony interesariuszy z bran\u017cy, potwierdzaj\u0105c nasze zorientowane na u\u017cytkownika podej\u015bcie do projektowania i zaanga\u017cowanie w innowacje.<\/p>\n\n\n\n<p>Pozostajemy oddani rozwijaniu najnowocze\u015bniejszych rozwi\u0105za\u0144 i zapewnianiu lokalnego wsparcia, pomagaj\u0105c naszym partnerom przyspieszy\u0107 przej\u015bcie w kierunku inteligentnej mobilno\u015bci i zr\u00f3wnowa\u017conej energii.<\/p>\n\n\n\n<p>Wi\u0119cej informacji mo\u017cna znale\u017a\u0107 na stronie&nbsp;<a href=\"https:\/\/www.iocharger.com\/pl\/\"><mark style=\"background-color:rgba(0, 0, 0, 0);color:#33cccc\" class=\"has-inline-color\">www.iocharger.com<\/mark><\/a>&nbsp;lub skontaktuj si\u0119 z nami pod adresem&nbsp;<a href=\"mailto:sales@iocharger.com\"><mark style=\"background-color:rgba(0, 0, 0, 0);color:#33cccc\" class=\"has-inline-color\">sales@iocharger.com<\/mark><\/a>.<\/p>\n\n\n\n<p><\/p>","protected":false},"excerpt":{"rendered":"<p>Firma iocharger z sukcesem zako\u0144czy\u0142a sw\u00f3j udzia\u0142 w 38. sympozjum i wystawie pojazd\u00f3w elektrycznych (EVS38), kt\u00f3re odby\u0142o si\u0119 w dniach 16-18 czerwca...<\/p>","protected":false},"author":1,"featured_media":8436,"comment_status":"closed","ping_status":"closed","sticky":false,"template":"","format":"standard","meta":{"_acf_changed":false,"footnotes":""},"categories":[109],"tags":[305,281,306],"class_list":["post-8432","post","type-post","status-publish","format-standard","has-post-thumbnail","hentry","category-exhibition-news","tag-ev-charging-exhibition","tag-evs38","tag-iocharger-evs38"],"acf":[],"_links":{"self":[{"href":"https:\/\/www.iocharger.com\/pl\/wp-json\/wp\/v2\/posts\/8432","targetHints":{"allow":["GET"]}}],"collection":[{"href":"https:\/\/www.iocharger.com\/pl\/wp-json\/wp\/v2\/posts"}],"about":[{"href":"https:\/\/www.iocharger.com\/pl\/wp-json\/wp\/v2\/types\/post"}],"author":[{"embeddable":true,"href":"https:\/\/www.iocharger.com\/pl\/wp-json\/wp\/v2\/users\/1"}],"replies":[{"embeddable":true,"href":"https:\/\/www.iocharger.com\/pl\/wp-json\/wp\/v2\/comments?post=8432"}],"version-history":[{"count":0,"href":"https:\/\/www.iocharger.com\/pl\/wp-json\/wp\/v2\/posts\/8432\/revisions"}],"wp:featuredmedia":[{"embeddable":true,"href":"https:\/\/www.iocharger.com\/pl\/wp-json\/wp\/v2\/media\/8436"}],"wp:attachment":[{"href":"https:\/\/www.iocharger.com\/pl\/wp-json\/wp\/v2\/media?parent=8432"}],"wp:term":[{"taxonomy":"category","embeddable":true,"href":"https:\/\/www.iocharger.com\/pl\/wp-json\/wp\/v2\/categories?post=8432"},{"taxonomy":"post_tag","embeddable":true,"href":"https:\/\/www.iocharger.com\/pl\/wp-json\/wp\/v2\/tags?post=8432"}],"curies":[{"name":"wp","href":"https:\/\/api.w.org\/{rel}","templated":true}]}}