{"id":8368,"date":"2025-06-03T10:57:00","date_gmt":"2025-06-03T10:57:00","guid":{"rendered":"https:\/\/www.jinghuaceramic.com\/?p=8368"},"modified":"2025-11-25T08:58:00","modified_gmt":"2025-11-25T08:58:00","slug":"iocharger-introduces-dual-ac-charger-series","status":"publish","type":"post","link":"https:\/\/www.iocharger.com\/pl\/iocharger-introduces-dual-ac-charger-series\/","title":{"rendered":"Iocharger przedstawia innowacyjn\u0105 seri\u0119 podw\u00f3jnych \u0142adowarek AC na EVS38"},"content":{"rendered":"<p>Gothenburg, Szwecja - Iocharger z dum\u0105 og\u0142asza globalny debiut swoich najnowszych modeli podw\u00f3jnych \u0142adowarek AC(<a href=\"https:\/\/www.iocharger.com\/pl\/public-dual-ac-wallbox-2x22kw\/\" target=\"_blank\" rel=\"noreferrer noopener\"><mark style=\"background-color:rgba(0, 0, 0, 0);color:#33cccc\" class=\"has-inline-color\">IOCAW31<\/mark><\/a><mark style=\"background-color:rgba(0, 0, 0, 0);color:#33cccc\" class=\"has-inline-color\"> <\/mark>oraz <a href=\"https:\/\/www.iocharger.com\/pl\/dual-ports-pedestal-ac-ev-charger-ocpp\/\" target=\"_blank\" rel=\"noreferrer noopener\"><mark style=\"background-color:rgba(0, 0, 0, 0);color:#33cccc\" class=\"has-inline-color\">IOCAP35<\/mark><\/a>) na EVS38 - The 38th Electric Vehicle Symposium &amp; Exhibition (<strong>15-18 czerwca 2025 r.<\/strong>). Zaprojektowane, aby sprosta\u0107 zmieniaj\u0105cym si\u0119 wymaganiom rynku pojazd\u00f3w elektrycznych (EV), te zaawansowane stacje \u0142adowania oferuj\u0105 inteligentniejsze, bardziej niezawodne i przysz\u0142o\u015bciowe rozwi\u0105zania do u\u017cytku komercyjnego i publicznego.<\/p>\n\n\n\n<p>Nowa seria podw\u00f3jnych \u0142adowarek AC jest wyposa\u017cona w najnowocze\u015bniejsze funkcje zwi\u0119kszaj\u0105ce wydajno\u015b\u0107 i wygod\u0119 u\u017cytkownika, w tym:<\/p>\n\n\n\n<ul class=\"wp-block-list\">\n<li><strong>OCPP 1.6J &amp; OCPP 2.0.1<\/strong> zgodno\u015b\u0107 zapewniaj\u0105ca p\u0142ynn\u0105 interoperacyjno\u015b\u0107<\/li>\n\n\n\n<li><strong>ISO15118 Plug&amp;Charge<\/strong> dla bezpiecznych, zautomatyzowanych transakcji<\/li>\n\n\n\n<li><strong>Zintegrowane p\u0142atno\u015bci POS<\/strong> dla usprawnionych rozlicze\u0144<\/li>\n\n\n\n<li><strong>Dynamiczne r\u00f3wnowa\u017cenie obci\u0105\u017cenia<\/strong> Optymalizacja dystrybucji energii<\/li>\n\n\n\n<li><strong>Zdalna i lokalna inteligentna obs\u0142uga i konserwacja<\/strong> dla \u0142atwo\u015bci zarz\u0105dzania<\/li>\n<\/ul>\n\n\n\n<p>Te innowacje sprawiaj\u0105, \u017ce podw\u00f3jna \u0142adowarka AC jest idealnym rozwi\u0105zaniem dla operator\u00f3w punkt\u00f3w \u0142adowania (CPO), dostawc\u00f3w medi\u00f3w, operator\u00f3w flot i partner\u00f3w infrastruktury \u0142adowania, kt\u00f3rzy chc\u0105 rozszerzy\u0107 swoj\u0105 ofert\u0119 o wysokowydajn\u0105 technologi\u0119.<\/p>\n\n\n\n<p>Iocharger zaprasza profesjonalist\u00f3w z bran\u017cy do zapoznania si\u0119 z nowymi produktami na EVS38 w G\u00f6teborgu. W przypadku zapyta\u0144 o spotkania lub dodatkowe informacje o produktach, prosimy o kontakt z zespo\u0142em sprzeda\u017cy pod adresem <a href=\"mailto:sales@iocharger.com\"><mark style=\"background-color:rgba(0, 0, 0, 0);color:#33cccc\" class=\"has-inline-color\">sales@iocharger.com<\/mark><\/a><mark style=\"background-color:rgba(0, 0, 0, 0);color:#33cccc\" class=\"has-inline-color\">.<\/mark><\/p>\n\n\n\n<p>Odwied\u017a stoisko Iocharger, aby osobi\u015bcie pozna\u0107 przysz\u0142o\u015b\u0107 \u0142adowania pojazd\u00f3w elektrycznych.<\/p>\n\n\n\n<h3 class=\"wp-block-heading\">Szczeg\u00f3\u0142y wydarzenia:<\/h3>\n\n\n\n<h4 class=\"wp-block-heading\"><strong>Daty: 16-18 czerwca 2025 r.<\/strong><\/h4>\n\n\n\n<h4 class=\"wp-block-heading\"><strong>Lokalizacja: G\u00f6teborg, Szwecja<\/strong><\/h4>\n\n\n\n<h4 class=\"wp-block-heading\"><strong>Stoisko: A06-02<\/strong><\/h4>","protected":false},"excerpt":{"rendered":"<p>G\u00f6teborg, Szwecja \u2013 Firma Iocharger z dum\u0105 og\u0142asza \u015bwiatow\u0105 premier\u0119 swoich najnowszych modeli podw\u00f3jnych \u0142adowarek pr\u0105du przemiennego (IOCAW31\u2026<\/p>","protected":false},"author":1,"featured_media":8373,"comment_status":"closed","ping_status":"closed","sticky":false,"template":"","format":"standard","meta":{"_acf_changed":false,"footnotes":""},"categories":[121],"tags":[299,281,300],"class_list":["post-8368","post","type-post","status-publish","format-standard","has-post-thumbnail","hentry","category-product-news","tag-dual-ac-charger","tag-evs38","tag-iocharger-new-product-release"],"acf":[],"_links":{"self":[{"href":"https:\/\/www.iocharger.com\/pl\/wp-json\/wp\/v2\/posts\/8368","targetHints":{"allow":["GET"]}}],"collection":[{"href":"https:\/\/www.iocharger.com\/pl\/wp-json\/wp\/v2\/posts"}],"about":[{"href":"https:\/\/www.iocharger.com\/pl\/wp-json\/wp\/v2\/types\/post"}],"author":[{"embeddable":true,"href":"https:\/\/www.iocharger.com\/pl\/wp-json\/wp\/v2\/users\/1"}],"replies":[{"embeddable":true,"href":"https:\/\/www.iocharger.com\/pl\/wp-json\/wp\/v2\/comments?post=8368"}],"version-history":[{"count":0,"href":"https:\/\/www.iocharger.com\/pl\/wp-json\/wp\/v2\/posts\/8368\/revisions"}],"wp:featuredmedia":[{"embeddable":true,"href":"https:\/\/www.iocharger.com\/pl\/wp-json\/wp\/v2\/media\/8373"}],"wp:attachment":[{"href":"https:\/\/www.iocharger.com\/pl\/wp-json\/wp\/v2\/media?parent=8368"}],"wp:term":[{"taxonomy":"category","embeddable":true,"href":"https:\/\/www.iocharger.com\/pl\/wp-json\/wp\/v2\/categories?post=8368"},{"taxonomy":"post_tag","embeddable":true,"href":"https:\/\/www.iocharger.com\/pl\/wp-json\/wp\/v2\/tags?post=8368"}],"curies":[{"name":"wp","href":"https:\/\/api.w.org\/{rel}","templated":true}]}}