{"id":6794,"date":"2025-02-27T15:10:21","date_gmt":"2025-02-27T07:10:21","guid":{"rendered":"https:\/\/www.iocharger.com\/?p=6794"},"modified":"2025-02-27T15:10:21","modified_gmt":"2025-02-27T07:10:21","slug":"ev-charging-summit-expo-invitation-letter","status":"publish","type":"post","link":"https:\/\/www.iocharger.com\/pl\/ev-charging-summit-expo-invitation-letter\/","title":{"rendered":"Zaproszenie na konferencj\u0119 EV Charging Summit &amp; Expo"},"content":{"rendered":"<p>W dniach 26-27 marca 2025 r. w Las Vegas w USA odb\u0119dzie si\u0119 EV Charging Summit &amp; Expo, na kt\u00f3rym spotkaj\u0105 si\u0119 liderzy bran\u017cy, aby pozna\u0107 przysz\u0142o\u015b\u0107 technologii \u0142adowania pojazd\u00f3w elektrycznych.<\/p>\n<p>Jako wystawca, iocharger zaprezentuje swoje najnowsze osi\u0105gni\u0119cia, w tym OCPP 2.0.1, Hubject <span style=\"color: #33cccc;\"><a style=\"color: #33cccc;\" href=\"https:\/\/www.iocharger.com\/pl\/iso15118-plug-and-charge\/\">ISO15118 Plug&amp;Charge<\/a><\/span>, integracja p\u0142atno\u015bci POS, <span style=\"color: #33cccc;\"><a style=\"color: #33cccc;\" href=\"https:\/\/www.iocharger.com\/pl\/dynamic-load-balancing\/\">Dynamiczne r\u00f3wnowa\u017cenie obci\u0105\u017cenia<\/a><\/span> i rozwi\u0105zania do zarz\u0105dzania energi\u0105, zaprojektowane w celu optymalizacji zarz\u0105dzania energi\u0105 i zwi\u0119kszenia elastyczno\u015bci p\u0142atno\u015bci. Opr\u00f3cz tych innowacji, Iocharger zaprezentuje r\u00f3wnie\u017c swoje \u0142adowarki Mini Smart i Smart AC z list\u0105 UL, dwa najpopularniejsze produkty zgodne z normami p\u00f3\u0142nocnoameryka\u0144skimi.<\/p>\n<figure id=\"attachment_4743\" aria-describedby=\"caption-attachment-4743\" style=\"width: 300px\" class=\"wp-caption alignleft\"><img fetchpriority=\"high\" decoding=\"async\" class=\"wp-image-4743 size-medium\" src=\"https:\/\/www.iocharger.com\/wp-content\/uploads\/2024\/01\/ETL-EV-CHARGER-300x300.png\" alt=\"\" width=\"300\" height=\"300\" \/><figcaption id=\"caption-attachment-4743\" class=\"wp-caption-text\"><span style=\"color: #33cccc;\"><a style=\"color: #33cccc;\" href=\"https:\/\/www.iocharger.com\/pl\/32a-40a-ul-etl-fcc-certified-home-ev-charger-for-us-market\/\">Mini inteligentna \u0142adowarka sieciowa 32A 40A UL\u00a0<\/a><\/span><\/figcaption><\/figure>\n<figure id=\"attachment_5406\" aria-describedby=\"caption-attachment-5406\" style=\"width: 300px\" class=\"wp-caption alignleft\"><img decoding=\"async\" class=\"wp-image-5406 size-medium\" src=\"https:\/\/www.iocharger.com\/wp-content\/uploads\/2023\/05\/UL-EV-Charger-1-300x300.png\" alt=\"\u0141adowarka UL EV\" width=\"300\" height=\"300\" \/><figcaption id=\"caption-attachment-5406\" class=\"wp-caption-text\"><span style=\"color: #33cccc;\"><a style=\"color: #33cccc;\" href=\"https:\/\/www.iocharger.com\/pl\/ul-level-2-32a-40a-50a-ocpp-1-6j-ocpp-2-0-1-intelligent-ev-charger\/\">32A 40A 50A Inteligentna \u0142adowarka do pojazd\u00f3w elektrycznych UL<\/a><\/span><\/figcaption><\/figure>\n<p>&nbsp;<\/p>\n<p>&nbsp;<\/p>\n<p>&nbsp;<\/p>\n<p>&nbsp;<\/p>\n<p>&nbsp;<\/p>\n<p>&nbsp;<\/p>\n<p>&nbsp;<\/p>\n<p>&nbsp;<\/p>\n<p>&nbsp;<\/p>\n<p>&nbsp;<\/p>\n<p>&nbsp;<\/p>\n<p>Do\u0142\u0105cz do nas na <strong>Stoisko 1426<\/strong> aby po\u0142\u0105czy\u0107 si\u0119 z naszym zespo\u0142em i przekona\u0107 si\u0119 z pierwszej r\u0119ki, jak nasza technologia nap\u0119dza przej\u015bcie na inteligentne \u0142adowanie pojazd\u00f3w elektrycznych.<\/p>\n<p>Do zobaczenia w Las Vegas!<\/p>","protected":false},"excerpt":{"rendered":"<p>W dniach 26\u201327 marca 2025 r. w Las Vegas w Stanach Zjednoczonych odb\u0119dzie si\u0119 EV Charging Summit &amp; Expo, podczas kt\u00f3rego...<\/p>","protected":false},"author":1,"featured_media":6802,"comment_status":"closed","ping_status":"closed","sticky":false,"template":"","format":"standard","meta":{"_acf_changed":false,"footnotes":""},"categories":[109],"tags":[248],"class_list":["post-6794","post","type-post","status-publish","format-standard","has-post-thumbnail","hentry","category-exhibition-news","tag-ev-charging-summit-expo"],"acf":[],"_links":{"self":[{"href":"https:\/\/www.iocharger.com\/pl\/wp-json\/wp\/v2\/posts\/6794","targetHints":{"allow":["GET"]}}],"collection":[{"href":"https:\/\/www.iocharger.com\/pl\/wp-json\/wp\/v2\/posts"}],"about":[{"href":"https:\/\/www.iocharger.com\/pl\/wp-json\/wp\/v2\/types\/post"}],"author":[{"embeddable":true,"href":"https:\/\/www.iocharger.com\/pl\/wp-json\/wp\/v2\/users\/1"}],"replies":[{"embeddable":true,"href":"https:\/\/www.iocharger.com\/pl\/wp-json\/wp\/v2\/comments?post=6794"}],"version-history":[{"count":0,"href":"https:\/\/www.iocharger.com\/pl\/wp-json\/wp\/v2\/posts\/6794\/revisions"}],"wp:featuredmedia":[{"embeddable":true,"href":"https:\/\/www.iocharger.com\/pl\/wp-json\/wp\/v2\/media\/6802"}],"wp:attachment":[{"href":"https:\/\/www.iocharger.com\/pl\/wp-json\/wp\/v2\/media?parent=6794"}],"wp:term":[{"taxonomy":"category","embeddable":true,"href":"https:\/\/www.iocharger.com\/pl\/wp-json\/wp\/v2\/categories?post=6794"},{"taxonomy":"post_tag","embeddable":true,"href":"https:\/\/www.iocharger.com\/pl\/wp-json\/wp\/v2\/tags?post=6794"}],"curies":[{"name":"wp","href":"https:\/\/api.w.org\/{rel}","templated":true}]}}