{"id":4112,"date":"2023-09-01T10:01:06","date_gmt":"2023-09-01T10:01:06","guid":{"rendered":"https:\/\/www.iocharger.com\/?p=4112"},"modified":"2023-09-01T10:01:06","modified_gmt":"2023-09-01T10:01:06","slug":"iocharger-successfully-at-icnc23-exhibition-in-berlin","status":"publish","type":"post","link":"https:\/\/www.iocharger.com\/pl\/iocharger-successfully-at-icnc23-exhibition-in-berlin\/","title":{"rendered":"iocharger z sukcesem na wystawie icnc23 w Berlinie"},"content":{"rendered":"<p>2-dniowy<span style=\"color: #33cccc;\"> icnc23<\/span> wystawa zako\u0144czy\u0142a si\u0119 bez zak\u0142\u00f3ce\u0144. Podczas tego wydarzenia z dum\u0105 prezentowali\u015bmy nasze inteligentne <span style=\"color: #33cccc;\"><a style=\"color: #33cccc;\" href=\"https:\/\/www.iocharger.com\/pl\/products\/\"><strong>OCPP 2.0.1 Stacje \u0142adowania pojazd\u00f3w elektrycznych<\/strong><\/a><\/span> oraz <span style=\"color: #33cccc;\"><a style=\"color: #33cccc;\" href=\"https:\/\/www.iocharger.com\/pl\/energy-storage\/\"><strong>mieszkaniowy system magazynowania energii<\/strong>s<\/a><\/span>\u00a0itd. Zaanga\u017cowali\u015bmy si\u0119 w dyskusje na temat <span style=\"color: #33cccc;\"><strong>Kompleksowe rozwi\u0105zanie ekosystemowe<\/strong>\u00a0<\/span>z wieloma klientami.<\/p>\n<p>Udzia\u0142 w wystawie icnc23 mia\u0142 ogromne znaczenie dla iocharger, poniewa\u017c konferencja zgromadzi\u0142a czo\u0142owych profesjonalist\u00f3w z sektora infrastruktury \u0142adowania pojazd\u00f3w elektrycznych. Przeprowadzili\u015bmy dog\u0142\u0119bne dyskusje, zag\u0142\u0119biaj\u0105c si\u0119 w tematy takie jak <span style=\"color: #33cccc;\"><strong>ISO 15118 Plug&amp;Charge, OCPP 2.0.1<\/strong><\/span>, i <span style=\"color: #33cccc;\"><strong>zarz\u0105dzanie energi\u0105<\/strong><\/span>, sprzyjaj\u0105c solidnej wymianie pomys\u0142\u00f3w i zdobywaniu bezcennych spostrze\u017ce\u0144.<\/p>\n<p><img fetchpriority=\"high\" decoding=\"async\" class=\"alignnone wp-image-4113 size-full\" src=\"https:\/\/www.iocharger.com\/wp-content\/uploads\/2023\/09\/101.png\" alt=\"\" width=\"800\" height=\"800\" \/><\/p>\n<p>Ponadto podczas wystawy, <span style=\"color: #000000;\"><strong>Prze\u0142\u0105cznik EV<\/strong><\/span> og\u0142osi\u0142, \u017ce iocharger jest <strong>PIERWSZY<\/strong><span style=\"color: #0000ff;\"><strong>\u00a0<span style=\"color: #000000;\">Producent stacji \u0142adowania pojazd\u00f3w elektrycznych<\/span><\/strong><\/span>\u00a0na ca\u0142ym \u015bwiecie, aby pomy\u015blnie uko\u0144czy\u0107 rygorystyczne testy platformy OCPP 2.0.1.<\/p>\n<p><img decoding=\"async\" class=\"alignnone wp-image-4114 size-full\" src=\"https:\/\/www.iocharger.com\/wp-content\/uploads\/2023\/09\/102.png\" alt=\"wystawa icnc23\" width=\"1706\" height=\"1279\" \/><\/p>\n<p>Nasze niezachwiane zaanga\u017cowanie ma na celu wniesienie znacz\u0105cego wk\u0142adu w globaln\u0105 transformacj\u0119 w kierunku elektryfikacji i zerowej emisji.<\/p>\n<p>&nbsp;<\/p>","protected":false},"excerpt":{"rendered":"<p>Dwudniowa wystawa icnc23 zako\u0144czy\u0142a si\u0119 bez zak\u0142\u00f3ce\u0144. Podczas tego wydarzenia z dum\u0105 prezentowali\u015bmy nasz inteligentny system \u0142adowania pojazd\u00f3w elektrycznych OCPP 2.0.1....<\/p>","protected":false},"author":1,"featured_media":4115,"comment_status":"closed","ping_status":"closed","sticky":false,"template":"","format":"standard","meta":{"_acf_changed":false,"footnotes":""},"categories":[109],"tags":[],"class_list":["post-4112","post","type-post","status-publish","format-standard","has-post-thumbnail","hentry","category-exhibition-news"],"acf":[],"_links":{"self":[{"href":"https:\/\/www.iocharger.com\/pl\/wp-json\/wp\/v2\/posts\/4112","targetHints":{"allow":["GET"]}}],"collection":[{"href":"https:\/\/www.iocharger.com\/pl\/wp-json\/wp\/v2\/posts"}],"about":[{"href":"https:\/\/www.iocharger.com\/pl\/wp-json\/wp\/v2\/types\/post"}],"author":[{"embeddable":true,"href":"https:\/\/www.iocharger.com\/pl\/wp-json\/wp\/v2\/users\/1"}],"replies":[{"embeddable":true,"href":"https:\/\/www.iocharger.com\/pl\/wp-json\/wp\/v2\/comments?post=4112"}],"version-history":[{"count":0,"href":"https:\/\/www.iocharger.com\/pl\/wp-json\/wp\/v2\/posts\/4112\/revisions"}],"wp:featuredmedia":[{"embeddable":true,"href":"https:\/\/www.iocharger.com\/pl\/wp-json\/wp\/v2\/media\/4115"}],"wp:attachment":[{"href":"https:\/\/www.iocharger.com\/pl\/wp-json\/wp\/v2\/media?parent=4112"}],"wp:term":[{"taxonomy":"category","embeddable":true,"href":"https:\/\/www.iocharger.com\/pl\/wp-json\/wp\/v2\/categories?post=4112"},{"taxonomy":"post_tag","embeddable":true,"href":"https:\/\/www.iocharger.com\/pl\/wp-json\/wp\/v2\/tags?post=4112"}],"curies":[{"name":"wp","href":"https:\/\/api.w.org\/{rel}","templated":true}]}}