{"id":8469,"date":"2025-07-31T17:32:00","date_gmt":"2025-07-31T17:32:00","guid":{"rendered":"https:\/\/www.jinghuaceramic.com\/?p=8469"},"modified":"2025-11-25T08:34:54","modified_gmt":"2025-11-25T08:34:54","slug":"iocharger-to-exhibit-at-intercharge-network-conference-icnc25","status":"publish","type":"post","link":"https:\/\/www.iocharger.com\/nl\/iocharger-to-exhibit-at-intercharge-network-conference-icnc25\/","title":{"rendered":"Iocharger neemt deel aan Intercharge Network Conference (ICNC25) in Berlijn"},"content":{"rendered":"<p>Iocharger neemt deel aan de aankomende Intercharge Network Conference (ICNC25), gehost door Hubject, die plaatsvindt van <strong>2 tot 4 september 2025<\/strong>, in <strong>Berlijn, Duitsland<\/strong>.<\/p>\n\n\n\n<p>Als een van de toonaangevende evenementen in de EV-laadindustrie, brengt ICNC25 belangrijke spelers en vernieuwers samen om de toekomst van eMobility vorm te geven.<\/p>\n\n\n\n<p>Bezoek ons op <strong><mark style=\"background-color:rgba(0, 0, 0, 0);color:#33cccc\" class=\"has-inline-color\">Stand C11<\/mark><\/strong>, waar we onze nieuwste innovaties op het gebied van EV-laadtechnologie zullen tonen, waaronder:<\/p>\n\n\n\n<ul class=\"wp-block-list\">\n<li>Eichrecht gecertificeerde pedestal dubbele AC lader <a href=\"https:\/\/www.iocharger.com\/nl\/pedestal-2x7kw-2x22kw-dual-ac-commercial-ev-charger\/\" target=\"_blank\" rel=\"noreferrer noopener\"><mark style=\"background-color:rgba(0, 0, 0, 0);color:#33cccc\" class=\"has-inline-color\">IOCAP26<\/mark><\/a>, volledig in overeenstemming met OCPP 2.0.1 en <a href=\"https:\/\/www.iocharger.com\/nl\/iso15118-plug-and-charge\/\" target=\"_blank\" rel=\"noreferrer noopener\"><mark style=\"background-color:rgba(0, 0, 0, 0);color:#33cccc\" class=\"has-inline-color\"><strong>I<\/strong>SO15118 Plug&amp;Charge<\/mark><\/a>, biedt meetnauwkeurigheid, veilige communicatie en een naadloze gebruikerservaring voor openbare oplaadnetwerken in heel Europa.<\/li>\n\n\n\n<li>Een volledige line-up van <a href=\"https:\/\/www.iocharger.com\/nl\/dynamic-load-balancing\/\" target=\"_blank\" rel=\"noreferrer noopener\"><mark style=\"background-color:rgba(0, 0, 0, 0);color:#33cccc\" class=\"has-inline-color\">dynamische oplossingen voor load balancing<\/mark><\/a>, is ontworpen voor eenvoudige integratie in semi-openbare en openbare laadinfrastructuur, zodat operators de energiedistributie en laadeffici\u00ebntie kunnen optimaliseren.<\/li>\n<\/ul>\n\n\n\n<p>Of u nu een CPO, OEM of infrastructuurleverancier bent, wij nodigen u uit om contact op te nemen met ons team en te onderzoeken hoe iocharger uw slimme laadstrategie kan ondersteunen.<\/p>\n\n\n\n<p>Laten we samen de toekomst van eMobility vormgeven.<\/p>\n\n\n\n<h3 class=\"wp-block-heading\">Details evenement:<\/h3>\n\n\n\n<h4 class=\"wp-block-heading\"><strong>Data:  2-4 september 2025<\/strong><\/h4>\n\n\n\n<h4 class=\"wp-block-heading\"><strong>Locatie: Berlijn, Duitsland<\/strong><\/h4>\n\n\n\n<h4 class=\"wp-block-heading\"><strong>Stand: C11<\/strong><\/h4>\n\n\n\n<h4 class=\"wp-block-heading\">Contact:<\/h4>\n\n\n\n<p>WhatsApp : <a href=\"https:\/\/wa.me\/008613812636277\" rel=\"nofollow noopener\" target=\"_blank\"><mark style=\"background-color:rgba(0, 0, 0, 0);color:#33cccc\" class=\"has-inline-color\">+86-13812636277<\/mark><\/a><\/p>\n\n\n\n<p>E-mail : <a href=\"mailto:sales@iocharger.com\"><mark style=\"background-color:rgba(0, 0, 0, 0);color:#33cccc\" class=\"has-inline-color\">sales@iocharger.com<\/mark><\/a><\/p>\n\n\n\n<p><\/p>\n\n\n\n<h3 class=\"wp-block-heading\">Over iocharger:<\/h3>\n\n\n\n<p>iocharger is gespecialiseerd in intelligente oplossingen voor het opladen van EV's, ontworpen om te voldoen aan de veranderende behoeften van residenti\u00eble, commerci\u00eble en industri\u00eble toepassingen. Met een focus op innovatie, betrouwbaarheid en duurzaamheid is iocharger de drijvende kracht achter de toekomst van elektrische mobiliteit.<\/p>\n\n\n\n<p><\/p>","protected":false},"excerpt":{"rendered":"<p>Iocharger zal deelnemen aan de komende Intercharge Network Conference (ICNC25), georganiseerd door Hubject, die plaatsvindt van 2 september...<\/p>","protected":false},"author":1,"featured_media":8471,"comment_status":"closed","ping_status":"closed","sticky":false,"template":"","format":"standard","meta":{"_acf_changed":false,"footnotes":""},"categories":[109],"tags":[317,207],"class_list":["post-8469","post","type-post","status-publish","format-standard","has-post-thumbnail","hentry","category-exhibition-news","tag-icnc-25","tag-intercharge-network-conference"],"acf":[],"_links":{"self":[{"href":"https:\/\/www.iocharger.com\/nl\/wp-json\/wp\/v2\/posts\/8469","targetHints":{"allow":["GET"]}}],"collection":[{"href":"https:\/\/www.iocharger.com\/nl\/wp-json\/wp\/v2\/posts"}],"about":[{"href":"https:\/\/www.iocharger.com\/nl\/wp-json\/wp\/v2\/types\/post"}],"author":[{"embeddable":true,"href":"https:\/\/www.iocharger.com\/nl\/wp-json\/wp\/v2\/users\/1"}],"replies":[{"embeddable":true,"href":"https:\/\/www.iocharger.com\/nl\/wp-json\/wp\/v2\/comments?post=8469"}],"version-history":[{"count":0,"href":"https:\/\/www.iocharger.com\/nl\/wp-json\/wp\/v2\/posts\/8469\/revisions"}],"wp:featuredmedia":[{"embeddable":true,"href":"https:\/\/www.iocharger.com\/nl\/wp-json\/wp\/v2\/media\/8471"}],"wp:attachment":[{"href":"https:\/\/www.iocharger.com\/nl\/wp-json\/wp\/v2\/media?parent=8469"}],"wp:term":[{"taxonomy":"category","embeddable":true,"href":"https:\/\/www.iocharger.com\/nl\/wp-json\/wp\/v2\/categories?post=8469"},{"taxonomy":"post_tag","embeddable":true,"href":"https:\/\/www.iocharger.com\/nl\/wp-json\/wp\/v2\/tags?post=8469"}],"curies":[{"name":"wp","href":"https:\/\/api.w.org\/{rel}","templated":true}]}}