{"id":8469,"date":"2025-07-31T17:32:00","date_gmt":"2025-07-31T17:32:00","guid":{"rendered":"https:\/\/www.jinghuaceramic.com\/?p=8469"},"modified":"2025-11-25T08:34:54","modified_gmt":"2025-11-25T08:34:54","slug":"iocharger-to-exhibit-at-intercharge-network-conference-icnc25","status":"publish","type":"post","link":"https:\/\/www.iocharger.com\/it\/iocharger-to-exhibit-at-intercharge-network-conference-icnc25\/","title":{"rendered":"Iocharger parteciper\u00e0 alla conferenza Intercharge Network Conference (ICNC25) a Berlino"},"content":{"rendered":"<p>Iocharger parteciper\u00e0 all'imminente Intercharge Network Conference (ICNC25), ospitata da Hubject, che si terr\u00e0 da <strong>Dal 2 al 4 settembre 2025<\/strong>, in <strong>Berlino, Germania<\/strong>.<\/p>\n\n\n\n<p>Essendo uno dei principali eventi del settore della ricarica dei veicoli elettrici, ICNC25 riunisce i principali attori e innovatori per plasmare il futuro dell'eMobility.<\/p>\n\n\n\n<p>Visitate il sito <strong><mark style=\"background-color:rgba(0, 0, 0, 0);color:#33cccc\" class=\"has-inline-color\">Stand C11<\/mark><\/strong>, dove presenteremo le nostre ultime innovazioni nella tecnologia di ricarica dei veicoli elettrici, tra cui:<\/p>\n\n\n\n<ul class=\"wp-block-list\">\n<li>Caricabatterie a piedistallo doppio CA certificato Eichrecht <a href=\"https:\/\/www.iocharger.com\/it\/pedestal-2x7kw-2x22kw-dual-ac-commercial-ev-charger\/\" target=\"_blank\" rel=\"noreferrer noopener\"><mark style=\"background-color:rgba(0, 0, 0, 0);color:#33cccc\" class=\"has-inline-color\">IOCAP26<\/mark><\/a>, pienamente conforme a OCPP 2.0.1 e a <a href=\"https:\/\/www.iocharger.com\/it\/iso15118-plug-and-charge\/\" target=\"_blank\" rel=\"noreferrer noopener\"><mark style=\"background-color:rgba(0, 0, 0, 0);color:#33cccc\" class=\"has-inline-color\"><strong>I<\/strong>SO15118 Plug&amp;Charge<\/mark><\/a>, che offre precisione di misurazione, comunicazione sicura e un'esperienza utente senza soluzione di continuit\u00e0 per le reti di ricarica pubbliche in tutta Europa.<\/li>\n\n\n\n<li>Una formazione completa di <a href=\"https:\/\/www.iocharger.com\/it\/dynamic-load-balancing\/\" target=\"_blank\" rel=\"noreferrer noopener\"><mark style=\"background-color:rgba(0, 0, 0, 0);color:#33cccc\" class=\"has-inline-color\">soluzioni di bilanciamento dinamico del carico<\/mark><\/a>, progettato per una facile integrazione nelle infrastrutture di ricarica pubbliche e semipubbliche, aiutando gli operatori a ottimizzare la distribuzione dell'energia e l'efficienza della ricarica.<\/li>\n<\/ul>\n\n\n\n<p>Che siate CPO, OEM o fornitori di infrastrutture, vi invitiamo a mettervi in contatto con il nostro team e a scoprire come iocharger pu\u00f2 supportare la vostra strategia di ricarica intelligente.<\/p>\n\n\n\n<p>Alimentiamo il futuro dell'eMobility, insieme.<\/p>\n\n\n\n<h3 class=\"wp-block-heading\">Dettagli dell'evento:<\/h3>\n\n\n\n<h4 class=\"wp-block-heading\"><strong>Date:  2-4 settembre 2025<\/strong><\/h4>\n\n\n\n<h4 class=\"wp-block-heading\"><strong>Posizione: Berlino, Germania<\/strong><\/h4>\n\n\n\n<h4 class=\"wp-block-heading\"><strong>Stand: C11<\/strong><\/h4>\n\n\n\n<h4 class=\"wp-block-heading\">Contatto:<\/h4>\n\n\n\n<p>WhatsApp : <a href=\"https:\/\/wa.me\/008613812636277\" rel=\"nofollow noopener\" target=\"_blank\"><mark style=\"background-color:rgba(0, 0, 0, 0);color:#33cccc\" class=\"has-inline-color\">+86-13812636277<\/mark><\/a><\/p>\n\n\n\n<p>Email : <a href=\"mailto:sales@iocharger.com\"><mark style=\"background-color:rgba(0, 0, 0, 0);color:#33cccc\" class=\"has-inline-color\">sales@iocharger.com<\/mark><\/a><\/p>\n\n\n\n<p><\/p>\n\n\n\n<h3 class=\"wp-block-heading\">Informazioni su iocharger:<\/h3>\n\n\n\n<p>iocharger \u00e8 specializzata in soluzioni di ricarica intelligente per veicoli elettrici, progettate per soddisfare le esigenze in continua evoluzione delle applicazioni residenziali, commerciali e industriali. Con un'attenzione particolare all'innovazione, all'affidabilit\u00e0 e alla sostenibilit\u00e0, iocharger sta guidando il futuro della mobilit\u00e0 elettrica.<\/p>\n\n\n\n<p><\/p>","protected":false},"excerpt":{"rendered":"<p>Iocharger parteciper\u00e0 alla prossima Intercharge Network Conference (ICNC25), ospitata da Hubject, che si terr\u00e0 dal 2 settembre...<\/p>","protected":false},"author":1,"featured_media":8471,"comment_status":"closed","ping_status":"closed","sticky":false,"template":"","format":"standard","meta":{"_acf_changed":false,"footnotes":""},"categories":[109],"tags":[317,207],"class_list":["post-8469","post","type-post","status-publish","format-standard","has-post-thumbnail","hentry","category-exhibition-news","tag-icnc-25","tag-intercharge-network-conference"],"acf":[],"_links":{"self":[{"href":"https:\/\/www.iocharger.com\/it\/wp-json\/wp\/v2\/posts\/8469","targetHints":{"allow":["GET"]}}],"collection":[{"href":"https:\/\/www.iocharger.com\/it\/wp-json\/wp\/v2\/posts"}],"about":[{"href":"https:\/\/www.iocharger.com\/it\/wp-json\/wp\/v2\/types\/post"}],"author":[{"embeddable":true,"href":"https:\/\/www.iocharger.com\/it\/wp-json\/wp\/v2\/users\/1"}],"replies":[{"embeddable":true,"href":"https:\/\/www.iocharger.com\/it\/wp-json\/wp\/v2\/comments?post=8469"}],"version-history":[{"count":0,"href":"https:\/\/www.iocharger.com\/it\/wp-json\/wp\/v2\/posts\/8469\/revisions"}],"wp:featuredmedia":[{"embeddable":true,"href":"https:\/\/www.iocharger.com\/it\/wp-json\/wp\/v2\/media\/8471"}],"wp:attachment":[{"href":"https:\/\/www.iocharger.com\/it\/wp-json\/wp\/v2\/media?parent=8469"}],"wp:term":[{"taxonomy":"category","embeddable":true,"href":"https:\/\/www.iocharger.com\/it\/wp-json\/wp\/v2\/categories?post=8469"},{"taxonomy":"post_tag","embeddable":true,"href":"https:\/\/www.iocharger.com\/it\/wp-json\/wp\/v2\/tags?post=8469"}],"curies":[{"name":"wp","href":"https:\/\/api.w.org\/{rel}","templated":true}]}}