{"id":7205,"date":"2025-05-30T11:18:44","date_gmt":"2025-05-30T03:18:44","guid":{"rendered":"https:\/\/www.iocharger.com\/?p=7205"},"modified":"2025-05-30T11:18:44","modified_gmt":"2025-05-30T03:18:44","slug":"iocharger-to-present-evs38-in-gothenburg","status":"publish","type":"post","link":"https:\/\/www.iocharger.com\/it\/iocharger-to-present-evs38-in-gothenburg\/","title":{"rendered":"iocharger presenter\u00e0 EVS38 a G\u00f6teborg"},"content":{"rendered":"<p>iocharger, fornitore leader di soluzioni intelligenti per la ricarica dei veicoli elettrici, \u00e8 lieta di annunciare la propria partecipazione al 38\u00b0 International Electric Vehicle Symposium &amp; Exhibition (EVS38), che si terr\u00e0 <strong>16-18 giugno 2025,<\/strong> a G\u00f6teborg, Svezia.<\/p>\n<p>Visitate il sito <span style=\"color: #33cccc;\"><strong>Stand A06-02<\/strong><\/span> per esplorare gli ultimi progressi nelle soluzioni di ricarica intelligente e di gestione dell'energia per i veicoli elettrici!<\/p>\n<h3>Le principali innovazioni in mostra<\/h3>\n<p>All'EVS38, iocharger presenter\u00e0 il suo portafoglio completo di soluzioni di ricarica di nuova generazione, tra cui:<\/p>\n<ul>\n<li><strong>Conformit\u00e0 completa a OCPP 2.0.1<\/strong> - Garantire l'interoperabilit\u00e0 tra le stazioni di ricarica e i sistemi di gestione della rete.<\/li>\n<li><strong>Hubject ISO 15118 Plug&amp;Charge<\/strong> - Consentire un'autenticazione e una fatturazione sicure e automatizzate per un'esperienza di ricarica senza attriti.<\/li>\n<li><strong>Sistemi di pagamento POS integrati<\/strong> - Supporto di pi\u00f9 metodi di pagamento per una maggiore comodit\u00e0 dell'utente<\/li>\n<li><strong>Funzionalit\u00e0 V2G e V2H (Vehicle-to-Grid e Vehicle-to-Home)<\/strong> - Facilitare il flusso di energia bidirezionale per ottimizzare l'uso della rete e dell'energia domestica<\/li>\n<li><strong>Tecnologia di bilanciamento dinamico del carico<\/strong> - Distribuzione intelligente dell'energia tra pi\u00f9 caricatori per massimizzare l'efficienza<\/li>\n<li><strong>Integrazione di energia solare e batterie<\/strong> - Fornire soluzioni di ricarica sostenibili alimentate da energie rinnovabili<\/li>\n<\/ul>\n<h3>Una piattaforma per la collaborazione con l'industria<\/h3>\n<p>L'EVS38 \u00e8 il principale forum globale per l'innovazione della mobilit\u00e0 elettrica, che riunisce i leader del settore, i responsabili politici e i fornitori di tecnologia. La presenza di iocharger all'evento sottolinea il suo impegno nel promuovere infrastrutture di ricarica per veicoli elettrici intelligenti, efficienti e sostenibili.<\/p>\n<h3>Dettagli dell'evento:<\/h3>\n<h4><strong>Date: 16-18 giugno 2025<\/strong><\/h4>\n<h4><strong>Sede: G\u00f6teborg, Svezia<\/strong><\/h4>\n<h4><strong>Stand: A06-02<\/strong><\/h4>\n<h4>Contatto:<\/h4>\n<p>WhatsApp :<span style=\"color: #33cccc;\"> <a style=\"color: #33cccc;\" href=\"https:\/\/wa.me\/008613812636277\" rel=\"nofollow noopener\" target=\"_blank\">+86-13812636277<\/a><\/span><\/p>\n<p>Email : <span style=\"color: #33cccc;\"><a style=\"color: #33cccc;\" href=\"mailto:sales@iocharger.com\">sales@iocharger.com<\/a><\/span><\/p>\n<p>&nbsp;<\/p>\n<h3>Informazioni su iocharger:<\/h3>\n<p>iocharger \u00e8 specializzata in soluzioni di ricarica intelligente per veicoli elettrici, progettate per soddisfare le esigenze in continua evoluzione delle applicazioni residenziali, commerciali e industriali. Con un'attenzione particolare all'innovazione, all'affidabilit\u00e0 e alla sostenibilit\u00e0, iocharger sta guidando il futuro della mobilit\u00e0 elettrica.<\/p>\n<p>&nbsp;<\/p>","protected":false},"excerpt":{"rendered":"<p>iocharger, fornitore leader di soluzioni intelligenti per la ricarica dei veicoli elettrici, \u00e8 lieta di annunciare la sua partecipazione al...<\/p>","protected":false},"author":1,"featured_media":7208,"comment_status":"closed","ping_status":"closed","sticky":false,"template":"","format":"standard","meta":{"_acf_changed":false,"footnotes":""},"categories":[109],"tags":[281,282,283],"class_list":["post-7205","post","type-post","status-publish","format-standard","has-post-thumbnail","hentry","category-exhibition-news","tag-evs38","tag-evs38-in-gothenburg","tag-iocharger-to-present-evs38"],"acf":[],"_links":{"self":[{"href":"https:\/\/www.iocharger.com\/it\/wp-json\/wp\/v2\/posts\/7205","targetHints":{"allow":["GET"]}}],"collection":[{"href":"https:\/\/www.iocharger.com\/it\/wp-json\/wp\/v2\/posts"}],"about":[{"href":"https:\/\/www.iocharger.com\/it\/wp-json\/wp\/v2\/types\/post"}],"author":[{"embeddable":true,"href":"https:\/\/www.iocharger.com\/it\/wp-json\/wp\/v2\/users\/1"}],"replies":[{"embeddable":true,"href":"https:\/\/www.iocharger.com\/it\/wp-json\/wp\/v2\/comments?post=7205"}],"version-history":[{"count":0,"href":"https:\/\/www.iocharger.com\/it\/wp-json\/wp\/v2\/posts\/7205\/revisions"}],"wp:featuredmedia":[{"embeddable":true,"href":"https:\/\/www.iocharger.com\/it\/wp-json\/wp\/v2\/media\/7208"}],"wp:attachment":[{"href":"https:\/\/www.iocharger.com\/it\/wp-json\/wp\/v2\/media?parent=7205"}],"wp:term":[{"taxonomy":"category","embeddable":true,"href":"https:\/\/www.iocharger.com\/it\/wp-json\/wp\/v2\/categories?post=7205"},{"taxonomy":"post_tag","embeddable":true,"href":"https:\/\/www.iocharger.com\/it\/wp-json\/wp\/v2\/tags?post=7205"}],"curies":[{"name":"wp","href":"https:\/\/api.w.org\/{rel}","templated":true}]}}