{"id":8432,"date":"2025-06-19T10:43:00","date_gmt":"2025-06-19T10:43:00","guid":{"rendered":"https:\/\/www.jinghuaceramic.com\/?p=8432"},"modified":"2025-11-25T08:51:09","modified_gmt":"2025-11-25T08:51:09","slug":"iocharger-concludes-successful-evs38-showcase","status":"publish","type":"post","link":"https:\/\/www.iocharger.com\/fr\/iocharger-concludes-successful-evs38-showcase\/","title":{"rendered":"Iocharger conclut avec succ\u00e8s le salon EVS38 et d\u00e9voile ses nouveaux chargeurs CA \u00e0 double port"},"content":{"rendered":"<p>iocharger successfully concluded its participation at the 38th Electric Vehicle Symposium &amp; Exhibition (EVS38), held from June 16-18 in Gothenburg, Sweden. The event provided an invaluable opportunity to engage with global OEMs, Charge Point Operators (CPOs), utilities, EVs, and industry leaders, as we showcased our latest developments in intelligent EV charging and integrated energy solutions.<\/p>\n\n\n\n<p>As the first EV charger manufacturer worldwide to support both OCPP 2.0.1 and <a href=\"https:\/\/www.iocharger.com\/fr\/iso15118-plug-and-charge\/\"><mark style=\"background-color:rgba(0, 0, 0, 0);color:#33cccc\" class=\"has-inline-color\">ISO 15118 Plug&amp;Charge<\/mark><\/a>, we continue to lead the industry in delivering open, secure, and future-proof charging technologies. Our <a href=\"https:\/\/www.iocharger.com\/fr\/pedestal-2x7kw-2x22kw-dual-ac-commercial-ev-charger\/\" target=\"_blank\" rel=\"noreferrer noopener\"><mark style=\"background-color:rgba(0, 0, 0, 0);color:#33cccc\" class=\"has-inline-color\">IOCAP26<\/mark><\/a> pedestal dual AC charger, certified under the German Calibration Law (Eichrecht), ensures full metrological compliance, further strengthening our presence in the European market.<\/p>\n\n\n\n<p>During the exhibition, we proudly unveiled two upcoming flagship models:<\/p>\n\n\n\n<div class=\"wp-block-columns is-layout-flex wp-container-core-columns-is-layout-9d6595d7 wp-block-columns-is-layout-flex\">\n<div class=\"wp-block-column is-layout-flow wp-block-column-is-layout-flow\">\n<figure class=\"wp-block-image size-full\"><a href=\"https:\/\/www.iocharger.com\/fr\/public-dual-ac-wallbox-2x22kw\/\" target=\"_blank\" rel=\" noreferrer noopener\"><img fetchpriority=\"high\" decoding=\"async\" width=\"660\" height=\"660\" src=\"https:\/\/www.iocharger.com\/wp-content\/uploads\/2025\/06\/03-660x660-1.webp\" alt=\"\" class=\"wp-image-8630\" srcset=\"https:\/\/www.iocharger.com\/wp-content\/uploads\/2025\/06\/03-660x660-1.webp 660w, https:\/\/www.iocharger.com\/wp-content\/uploads\/2025\/06\/03-660x660-1-300x300.webp 300w, https:\/\/www.iocharger.com\/wp-content\/uploads\/2025\/06\/03-660x660-1-150x150.webp 150w, https:\/\/www.iocharger.com\/wp-content\/uploads\/2025\/06\/03-660x660-1-285x285.webp 285w, https:\/\/www.iocharger.com\/wp-content\/uploads\/2025\/06\/03-660x660-1-270x270.webp 270w, https:\/\/www.iocharger.com\/wp-content\/uploads\/2025\/06\/03-660x660-1-540x540.webp 540w\" sizes=\"(max-width: 660px) 100vw, 660px\" \/><\/a><figcaption class=\"wp-element-caption\">IOCAW31, wall-mounted dual-port AC charger<\/figcaption><\/figure>\n<\/div>\n\n\n\n<div class=\"wp-block-column is-layout-flow wp-block-column-is-layout-flow\">\n<figure class=\"wp-block-image size-full\"><a href=\"https:\/\/www.iocharger.com\/fr\/dual-ports-pedestal-ac-ev-charger-ocpp\/\" target=\"_blank\" rel=\" noreferrer noopener\"><img decoding=\"async\" width=\"660\" height=\"660\" src=\"https:\/\/www.iocharger.com\/wp-content\/uploads\/2025\/11\/dual-ports-ev-charger-post-1-660x660-1.webp\" alt=\"\" class=\"wp-image-8435\" srcset=\"https:\/\/www.iocharger.com\/wp-content\/uploads\/2025\/11\/dual-ports-ev-charger-post-1-660x660-1.webp 660w, https:\/\/www.iocharger.com\/wp-content\/uploads\/2025\/11\/dual-ports-ev-charger-post-1-660x660-1-300x300.webp 300w, https:\/\/www.iocharger.com\/wp-content\/uploads\/2025\/11\/dual-ports-ev-charger-post-1-660x660-1-150x150.webp 150w, https:\/\/www.iocharger.com\/wp-content\/uploads\/2025\/11\/dual-ports-ev-charger-post-1-660x660-1-285x285.webp 285w, https:\/\/www.iocharger.com\/wp-content\/uploads\/2025\/11\/dual-ports-ev-charger-post-1-660x660-1-270x270.webp 270w, https:\/\/www.iocharger.com\/wp-content\/uploads\/2025\/11\/dual-ports-ev-charger-post-1-660x660-1-540x540.webp 540w\" sizes=\"(max-width: 660px) 100vw, 660px\" \/><\/a><figcaption class=\"wp-element-caption\">IOCAP35, floor-standing dual-port AC charger<\/figcaption><\/figure>\n<\/div>\n<\/div>\n\n\n\n<p>Engineered for multi-vehicle, high-concurrency charging environments, both models offer flexible installation options and support advanced features such as:<\/p>\n\n\n\n<ul class=\"wp-block-list\">\n<li>OCPP 1.6J &amp; OCPP 2.0.1<\/li>\n\n\n\n<li>ISO15118 Plug&amp;Charge<\/li>\n\n\n\n<li>\u00c9quilibrage dynamique de la charge<\/li>\n\n\n\n<li>Integrated POS payment<\/li>\n\n\n\n<li>Smart energy management<\/li>\n<\/ul>\n\n\n\n<p>These new chargers received strong interest and positive feedback from industry stakeholders, validating our user-centric design approach and commitment to innovation.<\/p>\n\n\n\n<p>We remain dedicated to advancing cutting-edge solutions and providing localized support, helping our partners accelerate the shift toward smart mobility and sustainable energy.<\/p>\n\n\n\n<p>For more information, please visit&nbsp;<a href=\"https:\/\/www.iocharger.com\/fr\/\"><mark style=\"background-color:rgba(0, 0, 0, 0);color:#33cccc\" class=\"has-inline-color\">www.iocharger.com<\/mark><\/a>&nbsp;or contact us at&nbsp;<a href=\"mailto:sales@iocharger.com\"><mark style=\"background-color:rgba(0, 0, 0, 0);color:#33cccc\" class=\"has-inline-color\">sales@iocharger.com<\/mark><\/a>.<\/p>\n\n\n\n<p><\/p>","protected":false},"excerpt":{"rendered":"<p>iocharger a conclu avec succ\u00e8s sa participation au 38e Symposium et salon sur les v\u00e9hicules \u00e9lectriques (EVS38), qui s'est tenu du 16 au 18 juin...<\/p>","protected":false},"author":1,"featured_media":8436,"comment_status":"closed","ping_status":"closed","sticky":false,"template":"","format":"standard","meta":{"_acf_changed":false,"footnotes":""},"categories":[109],"tags":[305,281,306],"class_list":["post-8432","post","type-post","status-publish","format-standard","has-post-thumbnail","hentry","category-exhibition-news","tag-ev-charging-exhibition","tag-evs38","tag-iocharger-evs38"],"acf":[],"_links":{"self":[{"href":"https:\/\/www.iocharger.com\/fr\/wp-json\/wp\/v2\/posts\/8432","targetHints":{"allow":["GET"]}}],"collection":[{"href":"https:\/\/www.iocharger.com\/fr\/wp-json\/wp\/v2\/posts"}],"about":[{"href":"https:\/\/www.iocharger.com\/fr\/wp-json\/wp\/v2\/types\/post"}],"author":[{"embeddable":true,"href":"https:\/\/www.iocharger.com\/fr\/wp-json\/wp\/v2\/users\/1"}],"replies":[{"embeddable":true,"href":"https:\/\/www.iocharger.com\/fr\/wp-json\/wp\/v2\/comments?post=8432"}],"version-history":[{"count":0,"href":"https:\/\/www.iocharger.com\/fr\/wp-json\/wp\/v2\/posts\/8432\/revisions"}],"wp:featuredmedia":[{"embeddable":true,"href":"https:\/\/www.iocharger.com\/fr\/wp-json\/wp\/v2\/media\/8436"}],"wp:attachment":[{"href":"https:\/\/www.iocharger.com\/fr\/wp-json\/wp\/v2\/media?parent=8432"}],"wp:term":[{"taxonomy":"category","embeddable":true,"href":"https:\/\/www.iocharger.com\/fr\/wp-json\/wp\/v2\/categories?post=8432"},{"taxonomy":"post_tag","embeddable":true,"href":"https:\/\/www.iocharger.com\/fr\/wp-json\/wp\/v2\/tags?post=8432"}],"curies":[{"name":"wp","href":"https:\/\/api.w.org\/{rel}","templated":true}]}}