{"id":7205,"date":"2025-05-30T11:18:44","date_gmt":"2025-05-30T03:18:44","guid":{"rendered":"https:\/\/www.iocharger.com\/?p=7205"},"modified":"2025-05-30T11:18:44","modified_gmt":"2025-05-30T03:18:44","slug":"iocharger-to-present-evs38-in-gothenburg","status":"publish","type":"post","link":"https:\/\/www.iocharger.com\/fr\/iocharger-to-present-evs38-in-gothenburg\/","title":{"rendered":"iocharger pr\u00e9sentera EVS38 \u00e0 G\u00f6teborg"},"content":{"rendered":"<p>iocharger, l'un des principaux fournisseurs de solutions intelligentes de recharge pour v\u00e9hicules \u00e9lectriques, a le plaisir d'annoncer sa participation au 38e Symposium et salon international sur les v\u00e9hicules \u00e9lectriques (EVS38), qui se tiendra <strong>Du 16 au 18 juin 2025,<\/strong> \u00e0 G\u00f6teborg, en Su\u00e8de.<\/p>\n<p>Venez nous rendre visite \u00e0 <span style=\"color: #33cccc;\"><strong>Stand A06-02<\/strong><\/span> pour d\u00e9couvrir les derni\u00e8res avanc\u00e9es en mati\u00e8re de solutions intelligentes de recharge des v\u00e9hicules \u00e9lectriques et de gestion de l'\u00e9nergie !<\/p>\n<h3>Principales innovations pr\u00e9sent\u00e9es<\/h3>\n<p>Lors du salon EVS38, iocharger pr\u00e9sentera sa gamme compl\u00e8te de solutions de recharge de nouvelle g\u00e9n\u00e9ration, notamment :<\/p>\n<ul>\n<li><strong>Conformit\u00e9 totale \u00e0 la norme OCPP 2.0.1<\/strong> \u2013 Assurer une interop\u00e9rabilit\u00e9 parfaite entre les stations de recharge et les syst\u00e8mes de gestion du r\u00e9seau<\/li>\n<li><strong>Hubject ISO 15118 Plug&amp;Charge<\/strong> \u2013 Permettre une authentification et une facturation s\u00e9curis\u00e9es et automatis\u00e9es pour une exp\u00e9rience de recharge sans friction.<\/li>\n<li><strong>Syst\u00e8mes de paiement POS int\u00e9gr\u00e9s<\/strong> \u2013 Prise en charge de plusieurs modes de paiement pour un confort d'utilisation accru<\/li>\n<li><strong>Capacit\u00e9s V2G et V2H (v\u00e9hicule-r\u00e9seau et v\u00e9hicule-domicile)<\/strong> \u2013 Faciliter le flux d'\u00e9nergie bidirectionnel pour optimiser l'utilisation de l'\u00e9nergie du r\u00e9seau et des foyers<\/li>\n<li><strong>Technologie d'\u00e9quilibrage dynamique de la charge<\/strong> \u2013 R\u00e9partition intelligente de la puissance entre plusieurs chargeurs afin d'optimiser l'efficacit\u00e9<\/li>\n<li><strong>Int\u00e9gration solaire et batterie<\/strong> \u2013 Fournir des solutions de recharge durables aliment\u00e9es par des \u00e9nergies renouvelables<\/li>\n<\/ul>\n<h3>Une plateforme pour la collaboration industrielle<\/h3>\n<p>EVS38 est un forum mondial de premier plan d\u00e9di\u00e9 \u00e0 l'innovation dans le domaine de la mobilit\u00e9 \u00e9lectrique, qui rassemble des leaders du secteur, des d\u00e9cideurs politiques et des fournisseurs de technologies. La pr\u00e9sence d'iocharger \u00e0 cet \u00e9v\u00e9nement souligne son engagement en faveur du d\u00e9veloppement d'une infrastructure de recharge pour v\u00e9hicules \u00e9lectriques intelligente, efficace et durable.<\/p>\n<h3>D\u00e9tails de l'\u00e9v\u00e9nement :<\/h3>\n<h4><strong>Dates : du 16 au 18 juin 2025<\/strong><\/h4>\n<h4><strong>Lieu : G\u00f6teborg, Su\u00e8de<\/strong><\/h4>\n<h4><strong>Stand : A06-02<\/strong><\/h4>\n<h4>Contact :<\/h4>\n<p>WhatsApp :<span style=\"color: #33cccc;\"> <a style=\"color: #33cccc;\" href=\"https:\/\/wa.me\/008613812636277\" rel=\"nofollow noopener\" target=\"_blank\">+86-13812636277<\/a><\/span><\/p>\n<p>Courriel : <span style=\"color: #33cccc;\"><a style=\"color: #33cccc;\" href=\"mailto:sales@iocharger.com\">sales@iocharger.com<\/a><\/span><\/p>\n<p>&nbsp;<\/p>\n<h3>\u00c0 propos d'iocharger :<\/h3>\n<p>iocharger est sp\u00e9cialis\u00e9 dans les solutions intelligentes de recharge pour v\u00e9hicules \u00e9lectriques, con\u00e7ues pour r\u00e9pondre aux besoins en constante \u00e9volution des applications r\u00e9sidentielles, commerciales et industrielles. En mettant l'accent sur l'innovation, la fiabilit\u00e9 et la durabilit\u00e9, iocharger fa\u00e7onne l'avenir de la mobilit\u00e9 \u00e9lectrique.<\/p>\n<p>&nbsp;<\/p>","protected":false},"excerpt":{"rendered":"<p>iocharger, l'un des principaux fournisseurs de solutions intelligentes de recharge pour v\u00e9hicules \u00e9lectriques, a le plaisir d'annoncer sa participation au...<\/p>","protected":false},"author":1,"featured_media":7208,"comment_status":"closed","ping_status":"closed","sticky":false,"template":"","format":"standard","meta":{"_acf_changed":false,"footnotes":""},"categories":[109],"tags":[281,282,283],"class_list":["post-7205","post","type-post","status-publish","format-standard","has-post-thumbnail","hentry","category-exhibition-news","tag-evs38","tag-evs38-in-gothenburg","tag-iocharger-to-present-evs38"],"acf":[],"_links":{"self":[{"href":"https:\/\/www.iocharger.com\/fr\/wp-json\/wp\/v2\/posts\/7205","targetHints":{"allow":["GET"]}}],"collection":[{"href":"https:\/\/www.iocharger.com\/fr\/wp-json\/wp\/v2\/posts"}],"about":[{"href":"https:\/\/www.iocharger.com\/fr\/wp-json\/wp\/v2\/types\/post"}],"author":[{"embeddable":true,"href":"https:\/\/www.iocharger.com\/fr\/wp-json\/wp\/v2\/users\/1"}],"replies":[{"embeddable":true,"href":"https:\/\/www.iocharger.com\/fr\/wp-json\/wp\/v2\/comments?post=7205"}],"version-history":[{"count":0,"href":"https:\/\/www.iocharger.com\/fr\/wp-json\/wp\/v2\/posts\/7205\/revisions"}],"wp:featuredmedia":[{"embeddable":true,"href":"https:\/\/www.iocharger.com\/fr\/wp-json\/wp\/v2\/media\/7208"}],"wp:attachment":[{"href":"https:\/\/www.iocharger.com\/fr\/wp-json\/wp\/v2\/media?parent=7205"}],"wp:term":[{"taxonomy":"category","embeddable":true,"href":"https:\/\/www.iocharger.com\/fr\/wp-json\/wp\/v2\/categories?post=7205"},{"taxonomy":"post_tag","embeddable":true,"href":"https:\/\/www.iocharger.com\/fr\/wp-json\/wp\/v2\/tags?post=7205"}],"curies":[{"name":"wp","href":"https:\/\/api.w.org\/{rel}","templated":true}]}}