{"id":8432,"date":"2025-06-19T10:43:00","date_gmt":"2025-06-19T10:43:00","guid":{"rendered":"https:\/\/www.jinghuaceramic.com\/?p=8432"},"modified":"2025-11-25T08:51:09","modified_gmt":"2025-11-25T08:51:09","slug":"iocharger-concludes-successful-evs38-showcase","status":"publish","type":"post","link":"https:\/\/www.iocharger.com\/de\/iocharger-concludes-successful-evs38-showcase\/","title":{"rendered":"Iocharger schlie\u00dft erfolgreiche EVS38-Pr\u00e4sentation ab und stellt neue Dual-Port-Wechselstromladeger\u00e4te vor"},"content":{"rendered":"<p>iocharger hat seine Teilnahme am 38. Electric Vehicle Symposium &amp; Exhibition (EVS38) erfolgreich abgeschlossen, das vom 16. bis 18. Juni in G\u00f6teborg, Schweden, stattfand. Die Veranstaltung bot eine wertvolle Gelegenheit, mit globalen OEMs, Ladestationsbetreibern (CPOs), Energieversorgern, EV-Herstellern und Branchenf\u00fchrern in Kontakt zu treten, w\u00e4hrend wir unsere neuesten Entwicklungen im Bereich intelligentes Laden von Elektrofahrzeugen und integrierte Energiel\u00f6sungen vorstellten.<\/p>\n\n\n\n<p>Als weltweit erster Hersteller von EV-Ladeger\u00e4ten, der sowohl OCPP 2.0.1 als auch <a href=\"https:\/\/www.iocharger.com\/de\/iso15118-plug-and-charge\/\"><mark style=\"background-color:rgba(0, 0, 0, 0);color:#33cccc\" class=\"has-inline-color\">ISO 15118 Stecker&amp;Ladung<\/mark><\/a>, Wir sind weiterhin branchenf\u00fchrend bei der Bereitstellung offener, sicherer und zukunftssicherer Ladetechnologien. Unsere <a href=\"https:\/\/www.iocharger.com\/de\/pedestal-2x7kw-2x22kw-dual-ac-commercial-ev-charger\/\" target=\"_blank\" rel=\"noreferrer noopener\"><mark style=\"background-color:rgba(0, 0, 0, 0);color:#33cccc\" class=\"has-inline-color\">IOCAP26<\/mark><\/a> Das nach dem deutschen Eichrecht zertifizierte Sockel-Doppel-Wechselstromladeger\u00e4t gew\u00e4hrleistet vollst\u00e4ndige messtechnische Konformit\u00e4t und st\u00e4rkt damit unsere Pr\u00e4senz auf dem europ\u00e4ischen Markt.<\/p>\n\n\n\n<p>W\u00e4hrend der Ausstellung haben wir stolz zwei kommende Flaggschiff-Modelle vorgestellt:<\/p>\n\n\n\n<div class=\"wp-block-columns is-layout-flex wp-container-core-columns-is-layout-9d6595d7 wp-block-columns-is-layout-flex\">\n<div class=\"wp-block-column is-layout-flow wp-block-column-is-layout-flow\">\n<figure class=\"wp-block-image size-full\"><a href=\"https:\/\/www.iocharger.com\/de\/public-dual-ac-wallbox-2x22kw\/\" target=\"_blank\" rel=\" noreferrer noopener\"><img fetchpriority=\"high\" decoding=\"async\" width=\"660\" height=\"660\" src=\"https:\/\/www.iocharger.com\/wp-content\/uploads\/2025\/06\/03-660x660-1.webp\" alt=\"\" class=\"wp-image-8630\" srcset=\"https:\/\/www.iocharger.com\/wp-content\/uploads\/2025\/06\/03-660x660-1.webp 660w, https:\/\/www.iocharger.com\/wp-content\/uploads\/2025\/06\/03-660x660-1-300x300.webp 300w, https:\/\/www.iocharger.com\/wp-content\/uploads\/2025\/06\/03-660x660-1-150x150.webp 150w, https:\/\/www.iocharger.com\/wp-content\/uploads\/2025\/06\/03-660x660-1-285x285.webp 285w, https:\/\/www.iocharger.com\/wp-content\/uploads\/2025\/06\/03-660x660-1-270x270.webp 270w, https:\/\/www.iocharger.com\/wp-content\/uploads\/2025\/06\/03-660x660-1-540x540.webp 540w\" sizes=\"(max-width: 660px) 100vw, 660px\" \/><\/a><figcaption class=\"wp-element-caption\">IOCAW31, wandmontiertes Dual-Port-Wechselstrom-Ladeger\u00e4t<\/figcaption><\/figure>\n<\/div>\n\n\n\n<div class=\"wp-block-column is-layout-flow wp-block-column-is-layout-flow\">\n<figure class=\"wp-block-image size-full\"><a href=\"https:\/\/www.iocharger.com\/de\/dual-ports-pedestal-ac-ev-charger-ocpp\/\" target=\"_blank\" rel=\" noreferrer noopener\"><img decoding=\"async\" width=\"660\" height=\"660\" src=\"https:\/\/www.iocharger.com\/wp-content\/uploads\/2025\/11\/dual-ports-ev-charger-post-1-660x660-1.webp\" alt=\"\" class=\"wp-image-8435\" srcset=\"https:\/\/www.iocharger.com\/wp-content\/uploads\/2025\/11\/dual-ports-ev-charger-post-1-660x660-1.webp 660w, https:\/\/www.iocharger.com\/wp-content\/uploads\/2025\/11\/dual-ports-ev-charger-post-1-660x660-1-300x300.webp 300w, https:\/\/www.iocharger.com\/wp-content\/uploads\/2025\/11\/dual-ports-ev-charger-post-1-660x660-1-150x150.webp 150w, https:\/\/www.iocharger.com\/wp-content\/uploads\/2025\/11\/dual-ports-ev-charger-post-1-660x660-1-285x285.webp 285w, https:\/\/www.iocharger.com\/wp-content\/uploads\/2025\/11\/dual-ports-ev-charger-post-1-660x660-1-270x270.webp 270w, https:\/\/www.iocharger.com\/wp-content\/uploads\/2025\/11\/dual-ports-ev-charger-post-1-660x660-1-540x540.webp 540w\" sizes=\"(max-width: 660px) 100vw, 660px\" \/><\/a><figcaption class=\"wp-element-caption\">IOCAP35, Stand-AC-Ladeger\u00e4t mit zwei Anschl\u00fcssen<\/figcaption><\/figure>\n<\/div>\n<\/div>\n\n\n\n<p>Beide Modelle wurden f\u00fcr Ladeumgebungen mit mehreren Fahrzeugen und hoher Parallelit\u00e4t entwickelt und bieten flexible Installationsoptionen sowie erweiterte Funktionen wie:<\/p>\n\n\n\n<ul class=\"wp-block-list\">\n<li>OCPP 1.6J und OCPP 2.0.1<\/li>\n\n\n\n<li>ISO 15118 Plug&amp;Charge<\/li>\n\n\n\n<li>Dynamischer Lastausgleich<\/li>\n\n\n\n<li>Integrierte POS-Zahlung<\/li>\n\n\n\n<li>Intelligentes Energiemanagement<\/li>\n<\/ul>\n\n\n\n<p>Diese neuen Ladeger\u00e4te stie\u00dfen bei den Akteuren der Branche auf gro\u00dfes Interesse und positive Resonanz, was unseren nutzerorientierten Designansatz und unser Engagement f\u00fcr Innovation best\u00e4tigt.<\/p>\n\n\n\n<p>Wir engagieren uns weiterhin f\u00fcr die Weiterentwicklung innovativer L\u00f6sungen und die Bereitstellung lokalisierter Unterst\u00fctzung, um unseren Partnern dabei zu helfen, den Wandel hin zu intelligenter Mobilit\u00e4t und nachhaltiger Energie zu beschleunigen.<\/p>\n\n\n\n<p>Weitere Informationen finden Sie unter&nbsp;<a href=\"https:\/\/www.iocharger.com\/de\/\"><mark style=\"background-color:rgba(0, 0, 0, 0);color:#33cccc\" class=\"has-inline-color\">www.iocharger.com<\/mark><\/a>&nbsp;oder kontaktieren Sie uns unter&nbsp;<a href=\"mailto:sales@iocharger.com\"><mark style=\"background-color:rgba(0, 0, 0, 0);color:#33cccc\" class=\"has-inline-color\">sales@iocharger.com<\/mark><\/a>.<\/p>\n\n\n\n<p><\/p>","protected":false},"excerpt":{"rendered":"<p>iocharger hat seine Teilnahme an der 38. Electric Vehicle Symposium &amp; Exhibition (EVS38), die vom 16. bis 18. Juni stattfand, erfolgreich abgeschlossen...<\/p>","protected":false},"author":1,"featured_media":8436,"comment_status":"closed","ping_status":"closed","sticky":false,"template":"","format":"standard","meta":{"_acf_changed":false,"footnotes":""},"categories":[109],"tags":[305,281,306],"class_list":["post-8432","post","type-post","status-publish","format-standard","has-post-thumbnail","hentry","category-exhibition-news","tag-ev-charging-exhibition","tag-evs38","tag-iocharger-evs38"],"acf":[],"_links":{"self":[{"href":"https:\/\/www.iocharger.com\/de\/wp-json\/wp\/v2\/posts\/8432","targetHints":{"allow":["GET"]}}],"collection":[{"href":"https:\/\/www.iocharger.com\/de\/wp-json\/wp\/v2\/posts"}],"about":[{"href":"https:\/\/www.iocharger.com\/de\/wp-json\/wp\/v2\/types\/post"}],"author":[{"embeddable":true,"href":"https:\/\/www.iocharger.com\/de\/wp-json\/wp\/v2\/users\/1"}],"replies":[{"embeddable":true,"href":"https:\/\/www.iocharger.com\/de\/wp-json\/wp\/v2\/comments?post=8432"}],"version-history":[{"count":0,"href":"https:\/\/www.iocharger.com\/de\/wp-json\/wp\/v2\/posts\/8432\/revisions"}],"wp:featuredmedia":[{"embeddable":true,"href":"https:\/\/www.iocharger.com\/de\/wp-json\/wp\/v2\/media\/8436"}],"wp:attachment":[{"href":"https:\/\/www.iocharger.com\/de\/wp-json\/wp\/v2\/media?parent=8432"}],"wp:term":[{"taxonomy":"category","embeddable":true,"href":"https:\/\/www.iocharger.com\/de\/wp-json\/wp\/v2\/categories?post=8432"},{"taxonomy":"post_tag","embeddable":true,"href":"https:\/\/www.iocharger.com\/de\/wp-json\/wp\/v2\/tags?post=8432"}],"curies":[{"name":"wp","href":"https:\/\/api.w.org\/{rel}","templated":true}]}}