{"id":8368,"date":"2025-06-03T10:57:00","date_gmt":"2025-06-03T10:57:00","guid":{"rendered":"https:\/\/www.jinghuaceramic.com\/?p=8368"},"modified":"2025-11-25T08:58:00","modified_gmt":"2025-11-25T08:58:00","slug":"iocharger-introduces-dual-ac-charger-series","status":"publish","type":"post","link":"https:\/\/www.iocharger.com\/de\/iocharger-introduces-dual-ac-charger-series\/","title":{"rendered":"Iocharger stellt auf der EVS38 innovative Dual-AC-Ladeger\u00e4teserie vor"},"content":{"rendered":"<p>G\u00f6teborg, Schweden \u2013 Iocharger ist stolz darauf, die weltweite Markteinf\u00fchrung seiner neuesten Dual-AC-Ladeger\u00e4tmodelle bekannt zu geben (<a href=\"https:\/\/www.iocharger.com\/de\/public-dual-ac-wallbox-2x22kw\/\" target=\"_blank\" rel=\"noreferrer noopener\"><mark style=\"background-color:rgba(0, 0, 0, 0);color:#33cccc\" class=\"has-inline-color\">IOCAW31<\/mark><\/a><mark style=\"background-color:rgba(0, 0, 0, 0);color:#33cccc\" class=\"has-inline-color\"> <\/mark>und <a href=\"https:\/\/www.iocharger.com\/de\/dual-ports-pedestal-ac-ev-charger-ocpp\/\" target=\"_blank\" rel=\"noreferrer noopener\"><mark style=\"background-color:rgba(0, 0, 0, 0);color:#33cccc\" class=\"has-inline-color\">IOCAP35<\/mark><\/a>) auf der EVS38 \u2013 dem 38. Symposium und der Ausstellung f\u00fcr Elektrofahrzeuge (<strong>15. bis 18. Juni 2025<\/strong>Diese fortschrittlichen Ladestationen wurden entwickelt, um den sich wandelnden Anforderungen des Marktes f\u00fcr Elektrofahrzeuge (EV) gerecht zu werden. Sie bieten intelligentere, zuverl\u00e4ssigere und zukunftssichere L\u00f6sungen f\u00fcr den gewerblichen und \u00f6ffentlichen Gebrauch.<\/p>\n\n\n\n<p>Die neue Serie von Dual-Wechselstromladeger\u00e4ten ist mit modernsten Funktionen ausgestattet, die die Effizienz und den Bedienkomfort verbessern, darunter:<\/p>\n\n\n\n<ul class=\"wp-block-list\">\n<li><strong>OCPP 1.6J und OCPP 2.0.1<\/strong> Compliance f\u00fcr nahtlose Interoperabilit\u00e4t<\/li>\n\n\n\n<li><strong>ISO 15118 Plug&amp;Charge<\/strong> f\u00fcr sichere, automatisierte Transaktionen<\/li>\n\n\n\n<li><strong>Integrierte POS-Zahlungen<\/strong> f\u00fcr eine optimierte Rechnungsstellung<\/li>\n\n\n\n<li><strong>Dynamischer Lastausgleich<\/strong> zur Optimierung der Energieverteilung<\/li>\n\n\n\n<li><strong>Fern- und lokale intelligente Bedienung und Wartung<\/strong> zur Vereinfachung der Verwaltung<\/li>\n<\/ul>\n\n\n\n<p>Diese Innovationen machen das Dual-AC-Ladeger\u00e4t zu einer idealen L\u00f6sung f\u00fcr Ladestationsbetreiber (CPOs), Versorgungsunternehmen, Flottenbetreiber und Partner im Bereich Ladeinfrastruktur, die ihr Angebot mit leistungsstarker Technologie erweitern m\u00f6chten.<\/p>\n\n\n\n<p>Iocharger l\u00e4dt Fachleute aus der Branche ein, diese neuen Produkte auf der EVS38 in G\u00f6teborg zu entdecken. F\u00fcr Terminanfragen oder weitere Produktinformationen wenden Sie sich bitte an das Vertriebsteam unter <a href=\"mailto:sales@iocharger.com\"><mark style=\"background-color:rgba(0, 0, 0, 0);color:#33cccc\" class=\"has-inline-color\">sales@iocharger.com<\/mark><\/a><mark style=\"background-color:rgba(0, 0, 0, 0);color:#33cccc\" class=\"has-inline-color\">.<\/mark><\/p>\n\n\n\n<p>Besuchen Sie den Stand von Iocharger und erleben Sie die Zukunft des Ladens von Elektrofahrzeugen hautnah.<\/p>\n\n\n\n<h3 class=\"wp-block-heading\">Veranstaltungsdetails:<\/h3>\n\n\n\n<h4 class=\"wp-block-heading\"><strong>Termine: 16. bis 18. Juni 2025<\/strong><\/h4>\n\n\n\n<h4 class=\"wp-block-heading\"><strong>Standort: G\u00f6teborg, Schweden<\/strong><\/h4>\n\n\n\n<h4 class=\"wp-block-heading\"><strong>Stand: A06-02<\/strong><\/h4>","protected":false},"excerpt":{"rendered":"<p>G\u00f6teborg, Schweden - Iocharger ist stolz darauf, das weltweite Deb\u00fct seiner neuesten dualen AC-Lademodelle (IOCAW31...<\/p>","protected":false},"author":1,"featured_media":8373,"comment_status":"closed","ping_status":"closed","sticky":false,"template":"","format":"standard","meta":{"_acf_changed":false,"footnotes":""},"categories":[121],"tags":[299,281,300],"class_list":["post-8368","post","type-post","status-publish","format-standard","has-post-thumbnail","hentry","category-product-news","tag-dual-ac-charger","tag-evs38","tag-iocharger-new-product-release"],"acf":[],"_links":{"self":[{"href":"https:\/\/www.iocharger.com\/de\/wp-json\/wp\/v2\/posts\/8368","targetHints":{"allow":["GET"]}}],"collection":[{"href":"https:\/\/www.iocharger.com\/de\/wp-json\/wp\/v2\/posts"}],"about":[{"href":"https:\/\/www.iocharger.com\/de\/wp-json\/wp\/v2\/types\/post"}],"author":[{"embeddable":true,"href":"https:\/\/www.iocharger.com\/de\/wp-json\/wp\/v2\/users\/1"}],"replies":[{"embeddable":true,"href":"https:\/\/www.iocharger.com\/de\/wp-json\/wp\/v2\/comments?post=8368"}],"version-history":[{"count":0,"href":"https:\/\/www.iocharger.com\/de\/wp-json\/wp\/v2\/posts\/8368\/revisions"}],"wp:featuredmedia":[{"embeddable":true,"href":"https:\/\/www.iocharger.com\/de\/wp-json\/wp\/v2\/media\/8373"}],"wp:attachment":[{"href":"https:\/\/www.iocharger.com\/de\/wp-json\/wp\/v2\/media?parent=8368"}],"wp:term":[{"taxonomy":"category","embeddable":true,"href":"https:\/\/www.iocharger.com\/de\/wp-json\/wp\/v2\/categories?post=8368"},{"taxonomy":"post_tag","embeddable":true,"href":"https:\/\/www.iocharger.com\/de\/wp-json\/wp\/v2\/tags?post=8368"}],"curies":[{"name":"wp","href":"https:\/\/api.w.org\/{rel}","templated":true}]}}