{"id":6581,"date":"2024-12-26T14:40:32","date_gmt":"2024-12-26T06:40:32","guid":{"rendered":"https:\/\/www.iocharger.com\/?p=6581"},"modified":"2024-12-26T14:40:32","modified_gmt":"2024-12-26T06:40:32","slug":"iocharger-iocap26-ev-charger-achieves-german-eichrecht-certification","status":"publish","type":"post","link":"https:\/\/www.iocharger.com\/de\/iocharger-iocap26-ev-charger-achieves-german-eichrecht-certification\/","title":{"rendered":"iocharger IOCAP26 EV-Ladeger\u00e4t erh\u00e4lt deutsche Eichrecht-Zertifizierung"},"content":{"rendered":"<p>Wir freuen uns, bekannt geben zu d\u00fcrfen, dass die EV-Ladeger\u00e4te der Serie iocharger IOCAP26 erfolgreich die renommierte deutsche Eichrecht-Zertifizierung erhalten haben. Diese prestigetr\u00e4chtige Auszeichnung spiegelt unser unerm\u00fcdliches Engagement wider, hochwertige und zuverl\u00e4ssige EV-Ladel\u00f6sungen anzubieten und gleichzeitig eine sichere und transparente Benutzererfahrung zu gew\u00e4hrleisten.<\/p>\n<figure id=\"attachment_6386\" aria-describedby=\"caption-attachment-6386\" style=\"width: 350px\" class=\"wp-caption alignleft\"><img fetchpriority=\"high\" decoding=\"async\" class=\"wp-image-6386\" src=\"https:\/\/www.iocharger.com\/wp-content\/uploads\/2023\/05\/2x7kW-2x22kW-Dual-AC-Commercial-EV-Charger-300x300.jpg\" alt=\"2x7 kW 2x22 kW Dual-Wechselstrom-Ladeger\u00e4t f\u00fcr gewerbliche Elektrofahrzeuge\" width=\"350\" height=\"350\" \/><figcaption id=\"caption-attachment-6386\" class=\"wp-caption-text\"><span style=\"color: #33cccc;\"><a style=\"color: #33cccc;\" href=\"https:\/\/www.iocharger.com\/de\/pedestal-2x7kw-2x22kw-dual-ac-commercial-ev-charger\/\">Duales 7 kW\/22 kW Wechselstrom-Ladeger\u00e4t f\u00fcr gewerbliche Elektrofahrzeuge<\/a><\/span><\/figcaption><\/figure>\n<figure id=\"attachment_6587\" aria-describedby=\"caption-attachment-6587\" style=\"width: 350px\" class=\"wp-caption alignleft\"><img decoding=\"async\" class=\"wp-image-6587\" src=\"https:\/\/www.iocharger.com\/wp-content\/uploads\/2023\/05\/PlugCharge-Public-EV-Charger-With-POS-Terminal-300x300.jpg\" alt=\"\" width=\"350\" height=\"350\" \/><figcaption id=\"caption-attachment-6587\" class=\"wp-caption-text\"><a href=\"https:\/\/www.iocharger.com\/de\/ocpp-public-ev-charger-support-credit-card-payment-with-pos-terminal\/\"><span style=\"color: #33cccc;\">OCPP 2.0.1 Plug&amp;Charge \u00d6ffentliche EV-Ladestation mit POS-Terminal<\/span><\/a><\/figcaption><\/figure>\n<h3><\/h3>\n<h3><\/h3>\n<h3><\/h3>\n<h3><\/h3>\n<h3><\/h3>\n<h3><\/h3>\n<h3><\/h3>\n<h3><\/h3>\n<h3><\/h3>\n<h3>Was ist die Eichrecht-Zertifizierung?<\/h3>\n<p>Eichrecht ist Deutschlands zentraler Regulierungsstandard f\u00fcr EV-Ladeger\u00e4te. Es betont:<\/p>\n<ul>\n<li>Pr\u00e4zision bei der Energiemessung<\/li>\n<li>Transparente Datenverarbeitung<\/li>\n<li>Starker Schutz der Benutzerdaten<\/li>\n<\/ul>\n<p>Nach dem Eichrecht zertifizierte EV-Ladeger\u00e4te erf\u00fcllen strenge Anforderungen und gew\u00e4hrleisten eine genaue Erfassung des Energieverbrauchs sowie Kostentransparenz, was das Vertrauen der Verbraucher in EV-Ladedienste st\u00e4rkt.<\/p>\n<h3>Warum ist Eichrecht wichtig?<\/h3>\n<h4>Einhaltung gesetzlicher Vorschriften<\/h4>\n<p>Die Eichrecht-Zertifizierung gew\u00e4hrleistet, dass unsere Produkte den h\u00f6chsten regulatorischen Standards in Deutschland und Europa entsprechen.<\/p>\n<h4>Verbessertes Vertrauen der Benutzer<\/h4>\n<p>Genaue, transparente Ladedaten schaffen Vertrauen und Zuverl\u00e4ssigkeit bei EV-Nutzern und sorgen f\u00fcr ein \u00fcberragendes Ladeerlebnis.<\/p>\n<h4>Unterst\u00fctzung f\u00fcr Nachhaltigkeit<\/h4>\n<p>Zertifizierte Ladeger\u00e4te f\u00f6rdern die Einf\u00fchrung sauberer Energiel\u00f6sungen und die Einhaltung von Nachhaltigkeitszielen und treiben so das Wachstum einer robusten, umweltfreundlichen EV-Infrastruktur voran.<\/p>\n<h3>Was sind Eichrechts Anforderungen f\u00fcr das Laden von Elektrofahrzeugen?<\/h3>\n<h4>Anwendbarkeit des Eichrechts<\/h4>\n<p>Die Eichrechtvorschriften gelten, wenn EV-Fahrern die Nutzung von Ladestationen in Rechnung gestellt wird, und umfassen:<\/p>\n<ul>\n<li>\u00d6ffentliche und halb\u00f6ffentliche Ladestationen<\/li>\n<li>Ladeger\u00e4te am Arbeitsplatz (wenn den Mitarbeitern die Nutzung in Rechnung gestellt wird)<\/li>\n<\/ul>\n<p>Ausnahmen:<\/p>\n<ul>\n<li>Ladeger\u00e4te am Arbeitsplatz, die Mitarbeitern kostenloses Laden erm\u00f6glichen<\/li>\n<li>Heimladeger\u00e4te ausschlie\u00dflich f\u00fcr den privaten Gebrauch<\/li>\n<\/ul>\n<h4>Kernanforderungen<\/h4>\n<p><strong>Genaue Energiemessung<\/strong><br \/>\nEV-Ladeger\u00e4te m\u00fcssen den Energieverbrauch genau messen, um eine faire und transparente Abrechnung f\u00fcr die Nutzer zu gew\u00e4hrleisten.<br \/>\n<strong>Zertifizierte Kalibrierung<\/strong><br \/>\nDie Messsysteme in Ladeger\u00e4ten m\u00fcssen offiziell kalibriert und regelm\u00e4\u00dfig \u00fcberpr\u00fcft werden, um ihre Genauigkeit und Zuverl\u00e4ssigkeit zu gew\u00e4hrleisten.<br \/>\n<strong>Transparente Datenberichterstattung<\/strong><br \/>\nDetaillierte und klare Informationen zu jedem Ladevorgang, einschlie\u00dflich Energieverbrauch und damit verbundenen Kosten, m\u00fcssen f\u00fcr die Nutzer leicht zug\u00e4nglich sein.<br \/>\n<strong>Einhaltung gesetzlicher Vorschriften<\/strong><br \/>\nLadeger\u00e4te m\u00fcssen strenge gesetzliche Standards der deutschen Beh\u00f6rden erf\u00fcllen, darunter die Erlangung einer Zertifizierung und die Durchf\u00fchrung regelm\u00e4\u00dfiger Inspektionen.<br \/>\n<strong>Verbraucherschutz<\/strong><br \/>\nTransparente Abrechnungspraktiken sind obligatorisch und bieten den Nutzern eine detaillierte Aufschl\u00fcsselung der Energiekosten, um Fairness zu gew\u00e4hrleisten.<br \/>\n<strong>Regelm\u00e4\u00dfige Inspektionen<\/strong><br \/>\nEs sind regelm\u00e4\u00dfige Bewertungen erforderlich, um zu \u00fcberpr\u00fcfen, ob Ladeger\u00e4te kontinuierlich die Eichrecht-Standards erf\u00fcllen.<\/p>\n<h3>Die Zukunft des Ladens von Elektrofahrzeugen gestalten<\/h3>\n<p>Die Eichrecht-Zertifizierung unterstreicht die F\u00fchrungsrolle von iocharger in der EV-Ladeindustrie und bekr\u00e4ftigt unser Engagement f\u00fcr die Expansion auf dem europ\u00e4ischen Markt. Auch in Zukunft werden wir weiterhin:<\/p>\n<ul>\n<li>Pionierarbeit f\u00fcr innovative L\u00f6sungen<\/li>\n<li>Produktfunktionen verbessern<\/li>\n<li>Tragen Sie zu einer nachhaltigen, energieeffizienten Zukunft bei<\/li>\n<\/ul>\n<p>Wir bedanken uns herzlich bei unseren Kunden und Partnern f\u00fcr ihr anhaltendes Vertrauen und ihre Unterst\u00fctzung.<\/p>\n<p>Iocharger \u2013 Wir gestalten die Zukunft der gr\u00fcnen Mobilit\u00e4t!<\/p>","protected":false},"excerpt":{"rendered":"<p>Wir freuen uns, bekannt geben zu k\u00f6nnen, dass das iocharger-EV-Ladeger\u00e4t der Serie IOCAP26 erfolgreich das renommierte deutsche Eichrecht...<\/p>","protected":false},"author":1,"featured_media":6584,"comment_status":"closed","ping_status":"closed","sticky":false,"template":"","format":"standard","meta":{"_acf_changed":false,"footnotes":""},"categories":[110,121],"tags":[240],"class_list":["post-6581","post","type-post","status-publish","format-standard","has-post-thumbnail","hentry","category-company-news","category-product-news","tag-german-eichrecht-certification"],"acf":[],"_links":{"self":[{"href":"https:\/\/www.iocharger.com\/de\/wp-json\/wp\/v2\/posts\/6581","targetHints":{"allow":["GET"]}}],"collection":[{"href":"https:\/\/www.iocharger.com\/de\/wp-json\/wp\/v2\/posts"}],"about":[{"href":"https:\/\/www.iocharger.com\/de\/wp-json\/wp\/v2\/types\/post"}],"author":[{"embeddable":true,"href":"https:\/\/www.iocharger.com\/de\/wp-json\/wp\/v2\/users\/1"}],"replies":[{"embeddable":true,"href":"https:\/\/www.iocharger.com\/de\/wp-json\/wp\/v2\/comments?post=6581"}],"version-history":[{"count":0,"href":"https:\/\/www.iocharger.com\/de\/wp-json\/wp\/v2\/posts\/6581\/revisions"}],"wp:featuredmedia":[{"embeddable":true,"href":"https:\/\/www.iocharger.com\/de\/wp-json\/wp\/v2\/media\/6584"}],"wp:attachment":[{"href":"https:\/\/www.iocharger.com\/de\/wp-json\/wp\/v2\/media?parent=6581"}],"wp:term":[{"taxonomy":"category","embeddable":true,"href":"https:\/\/www.iocharger.com\/de\/wp-json\/wp\/v2\/categories?post=6581"},{"taxonomy":"post_tag","embeddable":true,"href":"https:\/\/www.iocharger.com\/de\/wp-json\/wp\/v2\/tags?post=6581"}],"curies":[{"name":"wp","href":"https:\/\/api.w.org\/{rel}","templated":true}]}}