{"id":2590,"date":"2023-04-25T07:56:48","date_gmt":"2023-04-25T07:56:48","guid":{"rendered":"https:\/\/test2.honstyle.com\/?p=2590"},"modified":"2023-04-25T07:56:48","modified_gmt":"2023-04-25T07:56:48","slug":"eu-needs-1-million-ev-charging-points-by-2024","status":"publish","type":"post","link":"https:\/\/www.iocharger.com\/de\/eu-needs-1-million-ev-charging-points-by-2024\/","title":{"rendered":"EU braucht bis 2024 eine Million Ladestationen f\u00fcr Elektrofahrzeuge"},"content":{"rendered":"<p align=\"justify\">Elektrofahrzeuge haben in vielen L\u00e4ndern einen gro\u00dfen Sprung nach vorne gemacht. Jetzt entscheiden sich immer mehr Menschen f\u00fcr Elektrofahrzeuge. Branchenzahlen zeigen, dass es in der EU im Jahr 2020 224.538 \u00f6ffentliche Ladestationen gab. In diesem Zusammenhang haben Automobilhersteller, Umweltsch\u00fctzer und Verbraucherorganisationen die EU-Kommissare f\u00fcr Klima, Verkehr, Industrie und Energie gebeten, ein Wachstumsziel festzulegen. Dieses sieht eine bestimmte Anzahl \u00f6ffentlicher Ladestationen in jedem Land vor.<\/p>\n<p align=\"justify\">Der Gesamtbedarf wird in der EU bis 2024 auf 1 Million \u00f6ffentliche Ladestationen und bis 2029 auf 3 Millionen gesch\u00e4tzt. Die Ziele werden anhand einer Formel festgelegt, um zu ermitteln, wie viele \u00f6ffentliche Ladestationen in jedem Land installiert werden sollten. Dabei werden einfache Faktoren wie die derzeit verf\u00fcgbare private Ladeinfrastruktur zugrunde gelegt.<\/p>\n<p class=\"\" align=\"justify\">In einem gemeinsamen Schreiben mit Verbraucher- und nachhaltigen Verkehrsverb\u00e4nden erkl\u00e4rte die ACEA gegen\u00fcber der EU-Kommission, dass feste Ziele auch Automobilherstellern und Stromnetzbetreibern helfen w\u00fcrden, da die Einf\u00fchrung \u00f6ffentlicher Ladestationen, die das Laden am Arbeitsplatz und zu Hause erg\u00e4nzen sollen, nur langsam voranschreitet und es vielf\u00e4ltige Tarife und Zahlungsmethoden gibt.<\/p>","protected":false},"excerpt":{"rendered":"<p>Elektrofahrzeuge haben in vielen L\u00e4ndern einen gro\u00dfen Sprung nach vorne gemacht. Jetzt entscheiden sich immer mehr Menschen f\u00fcr Elektrofahrzeuge. Industrie\u2026<\/p>","protected":false},"author":1,"featured_media":2591,"comment_status":"closed","ping_status":"closed","sticky":false,"template":"","format":"standard","meta":{"_acf_changed":false,"footnotes":""},"categories":[113],"tags":[143,144,145],"class_list":["post-2590","post","type-post","status-publish","format-standard","has-post-thumbnail","hentry","category-ev-charger","tag-carmakers-and-power-grid-operators","tag-public-ev-charging-points","tag-workplace-and-home-charging"],"acf":[],"_links":{"self":[{"href":"https:\/\/www.iocharger.com\/de\/wp-json\/wp\/v2\/posts\/2590","targetHints":{"allow":["GET"]}}],"collection":[{"href":"https:\/\/www.iocharger.com\/de\/wp-json\/wp\/v2\/posts"}],"about":[{"href":"https:\/\/www.iocharger.com\/de\/wp-json\/wp\/v2\/types\/post"}],"author":[{"embeddable":true,"href":"https:\/\/www.iocharger.com\/de\/wp-json\/wp\/v2\/users\/1"}],"replies":[{"embeddable":true,"href":"https:\/\/www.iocharger.com\/de\/wp-json\/wp\/v2\/comments?post=2590"}],"version-history":[{"count":0,"href":"https:\/\/www.iocharger.com\/de\/wp-json\/wp\/v2\/posts\/2590\/revisions"}],"wp:featuredmedia":[{"embeddable":true,"href":"https:\/\/www.iocharger.com\/de\/wp-json\/wp\/v2\/media\/2591"}],"wp:attachment":[{"href":"https:\/\/www.iocharger.com\/de\/wp-json\/wp\/v2\/media?parent=2590"}],"wp:term":[{"taxonomy":"category","embeddable":true,"href":"https:\/\/www.iocharger.com\/de\/wp-json\/wp\/v2\/categories?post=2590"},{"taxonomy":"post_tag","embeddable":true,"href":"https:\/\/www.iocharger.com\/de\/wp-json\/wp\/v2\/tags?post=2590"}],"curies":[{"name":"wp","href":"https:\/\/api.w.org\/{rel}","templated":true}]}}